{"id":141357,"date":"2016-04-13T14:33:15","date_gmt":"2016-04-13T12:33:15","guid":{"rendered":"https:\/\/www.cicloturismo.it\/?p=141357"},"modified":"2016-04-13T14:33:15","modified_gmt":"2016-04-13T12:33:15","slug":"palermo-via-al-bike-sharing-in-autunno","status":"publish","type":"post","link":"https:\/\/demo.cicloturismo.it\/?p=141357","title":{"rendered":"Palermo: via al bike sharing in autunno"},"content":{"rendered":"<p><a href=\"http:\/\/www.cicloturismo.it\/wp-content\/uploads\/2016\/04\/161117651-fb21d514-0ff7-4305-9c96-2900851a7e03.jpg\" rel=\"attachment wp-att-141363\"><img decoding=\"async\" class=\"lazyload size-medium wp-image-141363 alignleft\" src=\"data:image\/svg+xml,%3Csvg%20xmlns%3D%27http%3A%2F%2Fwww.w3.org%2F2000%2Fsvg%27%20width%3D%27300%27%20height%3D%27200%27%20viewBox%3D%270%200%20300%20200%27%3E%3Crect%20width%3D%27300%27%20height%3D%27200%27%20fill-opacity%3D%220%22%2F%3E%3C%2Fsvg%3E\" data-orig-src=\"http:\/\/www.cicloturismo.it\/wp-content\/uploads\/2016\/04\/161117651-fb21d514-0ff7-4305-9c96-2900851a7e03-300x200.jpg\" alt=\"161117651-fb21d514-0ff7-4305-9c96-2900851a7e03\" width=\"300\" height=\"200\" \/><\/a>In arrivo in in citt\u00e0 ben <strong>420 biciclette<\/strong>, di cui 20 e-bike, che saranno dislocate in apposite postazioni in tutta <strong>Palermo<\/strong>. I costi previsti per accedere al servizio sono alla portata di tutti: secondo le prime notizie verranno offerti <strong>abbonamenti annuali a 25 euro<\/strong> e saranno disponibili anche abbonamenti ridotti (giornalieri\u00a0o orari).<\/p>\n<p>&nbsp;<\/p>\n<p>Il servizio sar\u00e0 gestito dall&#8217;Amat che in collaborazione con TMR far\u00e0 arrivare le bici in citt\u00e0 nella seconda met\u00e0 di Ottobre e si occuper\u00e0 di dislocarle su tutto il territorio cittadino. Le postazioni in cui si potr\u00e0 noleggiare e restituire la bici sono state definite in questi giorni: saranno\u00a0oltre 30 ed ospiteranno tutte dalle 10 alle 20 bici. E&#8217; stato reso noto che, per scongiurare furti e danneggiamenti, ogni bicicletta sar\u00e0 dotata di <strong>localizzatore GPS<\/strong>.<\/p>\n<p>&nbsp;<\/p>\n<p>Grazie a questa iniziativa Palermo andr\u00e0 direttamente ad occupare la <strong>terza posizione tra le citt\u00e0 italiane che offrono il pi\u00f9 grande servizio di bike sharing<\/strong>. Nel frattempo in citt\u00e0 sono partiti anche i lavori di messa in sicurezza, manutenzione e realizzazione delle piste ciclabili del centro, interventi gi\u00e0 annunciati all&#8217;inizio dell&#8217;anno.<\/p>\n","protected":false},"excerpt":{"rendered":"<p>In arrivo in in citt\u00e0 ben 420 biciclette, di cui  [&#8230;]<\/p>\n","protected":false},"author":1,"featured_media":141364,"comment_status":"closed","ping_status":"closed","sticky":false,"template":"","format":"standard","meta":{"footnotes":""},"categories":[8],"tags":[],"class_list":["post-141357","post","type-post","status-publish","format-standard","has-post-thumbnail","hentry","category-news"],"_links":{"self":[{"href":"https:\/\/demo.cicloturismo.it\/index.php?rest_route=\/wp\/v2\/posts\/141357","targetHints":{"allow":["GET"]}}],"collection":[{"href":"https:\/\/demo.cicloturismo.it\/index.php?rest_route=\/wp\/v2\/posts"}],"about":[{"href":"https:\/\/demo.cicloturismo.it\/index.php?rest_route=\/wp\/v2\/types\/post"}],"author":[{"embeddable":true,"href":"https:\/\/demo.cicloturismo.it\/index.php?rest_route=\/wp\/v2\/users\/1"}],"replies":[{"embeddable":true,"href":"https:\/\/demo.cicloturismo.it\/index.php?rest_route=%2Fwp%2Fv2%2Fcomments&post=141357"}],"version-history":[{"count":0,"href":"https:\/\/demo.cicloturismo.it\/index.php?rest_route=\/wp\/v2\/posts\/141357\/revisions"}],"wp:featuredmedia":[{"embeddable":true,"href":"https:\/\/demo.cicloturismo.it\/index.php?rest_route=\/"}],"wp:attachment":[{"href":"https:\/\/demo.cicloturismo.it\/index.php?rest_route=%2Fwp%2Fv2%2Fmedia&parent=141357"}],"wp:term":[{"taxonomy":"category","embeddable":true,"href":"https:\/\/demo.cicloturismo.it\/index.php?rest_route=%2Fwp%2Fv2%2Fcategories&post=141357"},{"taxonomy":"post_tag","embeddable":true,"href":"https:\/\/demo.cicloturismo.it\/index.php?rest_route=%2Fwp%2Fv2%2Ftags&post=141357"}],"curies":[{"name":"wp","href":"https:\/\/api.w.org\/{rel}","templated":true}]}}