{"id":178572,"date":"2020-05-08T12:42:19","date_gmt":"2020-05-08T10:42:19","guid":{"rendered":"https:\/\/www.cicloturismo.it\/?p=178572"},"modified":"2020-05-08T12:42:19","modified_gmt":"2020-05-08T10:42:19","slug":"genovaciclabile","status":"publish","type":"post","link":"https:\/\/demo.cicloturismo.it\/?p=178572","title":{"rendered":"#genovaciclabile"},"content":{"rendered":"<p>\u201cC&#8217;\u00e8 sempre una luce nel grigio dei momenti per chi sogna. Ci si sente guardati come strani, visionari, fuori dal mondo. Ci viene mostrato il grigio del possibile, ma noi camminiamo in un percorso nostro a colori e sogniamo ad occhi aperti e non vogliamo chiuderli finch\u00e9 non vediamo ci\u00f2 che realizziamo.\u201c<br \/>\n#genovaciclabile<\/p>\n<p>Siamo dei rappresentanti dei cittadini di Genova e ci presentiamo cos\u00ec, come dei sognatori di un sogno che si sta per realizzare. In pochi giorni dal basso e dal cuore \u00e8 nata una nuova realt\u00e0. Un gruppo su Facebook chiamato #genovaciclabile, con 4700 adesioni in crescita, \u00e8 diventato un centro di confronto per le idee, per le ultime news, moderato secondo un regolamento pubblico che amministratori e moderatori chiedono di rispettare. Ogni post \u00e8 virale e molto commentato.<\/p>\n<p>La petizione \u00e8 stata lanciata dal gruppo e ha raggiunto in una piccola manciata di giorni 5000 firme, che era il nostro obiettivo iniziale! Ovviamente ogni firma in pi\u00f9 aiuter\u00e0 a far sentire al Comune il nostro sostegno e aiuto per ogni scelta effettuata nella nostra direzione.<\/p>\n<p>La nostra petizione la trovate a questo link:<\/p>\n<p><a href=\"http:\/\/change.org\/genovaciclabile\">change.org\/genovaciclabile<\/a> .<\/p>\n<p>Vogliamo dire ai cittadini, che non hanno ancora firmato, che siamo di fronte alla possibilit\u00e0 di una svolta epocale, ad un dono grande che stiamo per fare a noi stessi, ai nostri figli e ai nostri nipoti.<\/p>\n<p>In questi giorni una lettera sulla mobilit\u00e0 dolce indirizzata al Comune di Genova, alla Provincia e alla Regione \u00e8 stata firmata da 40 associazioni. Abbiamo voluto firmarla anche noi perch\u00e8 d\u2019accordo con i contenuti. Siamo tutti uniti per un cambiamento profondo della mobilit\u00e0.<\/p>\n<p>Possiamo contare anche sul ciclopico lavoro di Fiab, in collaborazione con ConfProfessioni Liguria, che propone al Comune un progetto di 130 km di ciclabili a Genova per la gi\u00e0 iniziata fase 2 del Covid.<\/p>\n<p>Genova purtroppo \u00e8 la maglia nera italiana per incidenti stradali mortali, e l\u2019Italia \u00e8 maglia nera in Europa per polveri sottili. In questa delicata fase storica \u00e8 la stessa OMS ad indicare come mezzo pi\u00f9 idoneo al mantenimento della distanza sociale la bicicletta ed a raccomandarne l\u2019utilizzo. Purtroppo anni di gestione del territorio da parte di amministratori poco lungimiranti ha fatto s\u00ec che ad oggi non esista praticamente alternativa sostenibile all\u2019utilizzo dell\u2019auto e scooter di propriet\u00e0. Questa situazione \u00e8 aggravata dalla necessit\u00e0 di distanziamento sociale chescoraggia l\u2019utilizzo dei mezzi pubblici.<\/p>\n<p>Abbiamo un modello, che \u00e8 quello di moltissime citt\u00e0 europee.<\/p>\n<p>Per questo chiediamo:<\/p>\n<p>Rendiamo Genova ciclabile! Rendiamo Genova citt\u00e0 europea!<\/p>\n<p>Grazie,<\/p>\n<p>Marco Mantero, Fulvio Rapetti e Alessandra Repetto<\/p>\n<p>Amministratori di #genovaciclabile<\/p>\n","protected":false},"excerpt":{"rendered":"<p>\u201cC&#8217;\u00e8 sempre una luce nel grigio dei momenti per chi  [&#8230;]<\/p>\n","protected":false},"author":1,"featured_media":178573,"comment_status":"open","ping_status":"open","sticky":false,"template":"","format":"standard","meta":{"footnotes":""},"categories":[8],"tags":[],"class_list":["post-178572","post","type-post","status-publish","format-standard","has-post-thumbnail","hentry","category-news"],"_links":{"self":[{"href":"https:\/\/demo.cicloturismo.it\/index.php?rest_route=\/wp\/v2\/posts\/178572","targetHints":{"allow":["GET"]}}],"collection":[{"href":"https:\/\/demo.cicloturismo.it\/index.php?rest_route=\/wp\/v2\/posts"}],"about":[{"href":"https:\/\/demo.cicloturismo.it\/index.php?rest_route=\/wp\/v2\/types\/post"}],"author":[{"embeddable":true,"href":"https:\/\/demo.cicloturismo.it\/index.php?rest_route=\/wp\/v2\/users\/1"}],"replies":[{"embeddable":true,"href":"https:\/\/demo.cicloturismo.it\/index.php?rest_route=%2Fwp%2Fv2%2Fcomments&post=178572"}],"version-history":[{"count":0,"href":"https:\/\/demo.cicloturismo.it\/index.php?rest_route=\/wp\/v2\/posts\/178572\/revisions"}],"wp:featuredmedia":[{"embeddable":true,"href":"https:\/\/demo.cicloturismo.it\/index.php?rest_route=\/"}],"wp:attachment":[{"href":"https:\/\/demo.cicloturismo.it\/index.php?rest_route=%2Fwp%2Fv2%2Fmedia&parent=178572"}],"wp:term":[{"taxonomy":"category","embeddable":true,"href":"https:\/\/demo.cicloturismo.it\/index.php?rest_route=%2Fwp%2Fv2%2Fcategories&post=178572"},{"taxonomy":"post_tag","embeddable":true,"href":"https:\/\/demo.cicloturismo.it\/index.php?rest_route=%2Fwp%2Fv2%2Ftags&post=178572"}],"curies":[{"name":"wp","href":"https:\/\/api.w.org\/{rel}","templated":true}]}}