{"id":178791,"date":"2020-05-13T14:38:30","date_gmt":"2020-05-13T12:38:30","guid":{"rendered":"https:\/\/www.cicloturismo.it\/?p=178791"},"modified":"2020-05-13T14:38:30","modified_gmt":"2020-05-13T12:38:30","slug":"da-novara-a-roma-in-bici-per-incontrare-conte-la-protesta-pacifica-del-sindaco-gianluca-bacchetta","status":"publish","type":"post","link":"https:\/\/demo.cicloturismo.it\/?p=178791","title":{"rendered":"Da Novara a Roma in bici per incontrare Conte: la protesta pacifica del sindaco Gianluca Bacchetta"},"content":{"rendered":"<p><span style=\"font-weight: 400;\">Il sindaco di Divignano, piccolo comune in provincia di Novara, ha percorso 645 km in bicicletta e a piedi per arrivare a Roma e parlare con il presidente del consiglio Giuseppe Conte.<\/span><\/p>\n<p><span style=\"font-weight: 400;\">Gianluca Bacchetta \u00e8 il sindaco\/ristoratore che gestisce un pub in questo piccolo comune del Novarese e che ha deciso di protestare in modo pacifico partendo dal suo paese per arrivare fino a Roma, inizialmente a piedi.<\/span><\/p>\n<p><span style=\"font-weight: 400;\">Dopo qualche chilometro gli \u00e8 stata poi regalata una bicicletta per affrontare meglio il viaggio.\u00a0<\/span><\/p>\n<p><span style=\"font-weight: 400;\">Lo scopo di questa impresa era quella di restituire fisicamente i 600\u20ac (dati alle partite iva nel mese di aprile) e parlare della situazione di difficolt\u00e0 che tanti stanno affrontando. Soprattutto voleva fare presente la situazione dei ristoratori e dei ritardi dei pagamenti delle casse integrazione.<\/span><\/p>\n<p><span style=\"font-weight: 400;\">Volendo, quindi, fare da portavoce per tutti i piccoli comuni che stanno avendo molti problemi economici \u00e8 arrivato a Roma domenica 10 maggio.<\/span><\/p>\n<p><span style=\"font-weight: 400;\">Il presidente del consiglio Conte ha interrotto un vertice con i partiti per ricevere il sindaco, che \u00e8 riuscito a presentare a Conte le proprie ragioni. Cos\u00ec \u00e8 stato chiamato anche il presidente dell&#8217;INPS per capire di fare concretamente qualcosa.<\/span><\/p>\n<p><span style=\"font-weight: 400;\">Dopo una lunga chiacchierata di un&#8217;ora e mezzo hanno deciso insieme di donare i \u20ac600 del sindaco, e altrettanti donati da Conte per un totale di 1200\u20ac,\u00a0 alla Croce Rossa Italiana.<\/span><\/p>\n<p><span style=\"font-weight: 400;\">Durante il suo percorso Bacchetta \u00e8 riuscito a essere presente sul territorio, a farsi vedere e a portare le sue argomentazioni anche in televisione facendosi ospitare da diversi programmi.<\/span><\/p>\n","protected":false},"excerpt":{"rendered":"<p>Il sindaco di Divignano, piccolo comune in provincia di Novara,  [&#8230;]<\/p>\n","protected":false},"author":1,"featured_media":178792,"comment_status":"open","ping_status":"open","sticky":false,"template":"","format":"standard","meta":{"footnotes":""},"categories":[8],"tags":[],"class_list":["post-178791","post","type-post","status-publish","format-standard","has-post-thumbnail","hentry","category-news"],"_links":{"self":[{"href":"https:\/\/demo.cicloturismo.it\/index.php?rest_route=\/wp\/v2\/posts\/178791","targetHints":{"allow":["GET"]}}],"collection":[{"href":"https:\/\/demo.cicloturismo.it\/index.php?rest_route=\/wp\/v2\/posts"}],"about":[{"href":"https:\/\/demo.cicloturismo.it\/index.php?rest_route=\/wp\/v2\/types\/post"}],"author":[{"embeddable":true,"href":"https:\/\/demo.cicloturismo.it\/index.php?rest_route=\/wp\/v2\/users\/1"}],"replies":[{"embeddable":true,"href":"https:\/\/demo.cicloturismo.it\/index.php?rest_route=%2Fwp%2Fv2%2Fcomments&post=178791"}],"version-history":[{"count":0,"href":"https:\/\/demo.cicloturismo.it\/index.php?rest_route=\/wp\/v2\/posts\/178791\/revisions"}],"wp:featuredmedia":[{"embeddable":true,"href":"https:\/\/demo.cicloturismo.it\/index.php?rest_route=\/"}],"wp:attachment":[{"href":"https:\/\/demo.cicloturismo.it\/index.php?rest_route=%2Fwp%2Fv2%2Fmedia&parent=178791"}],"wp:term":[{"taxonomy":"category","embeddable":true,"href":"https:\/\/demo.cicloturismo.it\/index.php?rest_route=%2Fwp%2Fv2%2Fcategories&post=178791"},{"taxonomy":"post_tag","embeddable":true,"href":"https:\/\/demo.cicloturismo.it\/index.php?rest_route=%2Fwp%2Fv2%2Ftags&post=178791"}],"curies":[{"name":"wp","href":"https:\/\/api.w.org\/{rel}","templated":true}]}}