{"id":178794,"date":"2020-05-13T14:44:13","date_gmt":"2020-05-13T12:44:13","guid":{"rendered":"https:\/\/www.cicloturismo.it\/?p=178794"},"modified":"2020-05-13T14:44:13","modified_gmt":"2020-05-13T12:44:13","slug":"bonus-bici-e-incentivi-alla-mobilita-sostenibile-spariti-dal-decreto","status":"publish","type":"post","link":"https:\/\/demo.cicloturismo.it\/?p=178794","title":{"rendered":"Bonus Bici e incentivi alla mobilit\u00e0 sostenibile, spariti dal decreto?"},"content":{"rendered":"<p><span style=\"font-weight: 400;\">Nella prima bozza del Decreto Rilancio era presente un articolo che aveva reso tutti gli appassionati di bici e di mobilit\u00e0 sostenibile positivi.<\/span><\/p>\n<p><span style=\"font-weight: 400;\">L&#8217;articolo del decreto era il 205 e prevedeva incentivi alla mobilit\u00e0 sostenibile e all&#8217;acquisto di biciclette, e-bike, monopattini e Segway. Un &#8220;bonus bicicletta&#8221; di 500\u20ac o del 70% della spesa cos\u00ec da dare a tutti la possibilit\u00e0 di spostarsi non solo in auto evitando quindi di creare ingorghi e traffico finito il lockdown.<\/span><\/p>\n<p><span style=\"font-weight: 400;\">L&#8217;idea era quella di mantenere il bonus fino a dicembre 2020 e eventualmente retrodatarlo in modo che potesse includere l&#8217;acquisto di questi mezzi dall&#8217;inizio della quarantena.<\/span><\/p>\n<p><span style=\"font-weight: 400;\">Questo articolo avrebbe aiutato le regioni, facendo riorganizzare il proprio territorio per gli spostamenti, visto che i mezzi di trasporto pubblico ancora non potranno riprendere il lavoro.<\/span><\/p>\n<p><span style=\"font-weight: 400;\">Sembra per\u00f2 che nella nuova bozza dell&#8217;11 maggio questo articolo sia scomparso.<\/span><\/p>\n<p><span style=\"font-weight: 400;\">Erano stati messi a disposizione 120 milioni di euro per sostenere questa operazione.<\/span><\/p>\n<p><span style=\"font-weight: 400;\">Tante le associazioni e le persone che si stanno battendo per ripristinare questo punto nel decreto perch\u00e9 fondamentale per la nuova mobilit\u00e0, aspettiamo quindi di capire se ci saranno novit\u00e0.<\/span><\/p>\n","protected":false},"excerpt":{"rendered":"<p>Nella prima bozza del Decreto Rilancio era presente un articolo  [&#8230;]<\/p>\n","protected":false},"author":1,"featured_media":178795,"comment_status":"open","ping_status":"open","sticky":false,"template":"","format":"standard","meta":{"footnotes":""},"categories":[8],"tags":[],"class_list":["post-178794","post","type-post","status-publish","format-standard","has-post-thumbnail","hentry","category-news"],"_links":{"self":[{"href":"https:\/\/demo.cicloturismo.it\/index.php?rest_route=\/wp\/v2\/posts\/178794","targetHints":{"allow":["GET"]}}],"collection":[{"href":"https:\/\/demo.cicloturismo.it\/index.php?rest_route=\/wp\/v2\/posts"}],"about":[{"href":"https:\/\/demo.cicloturismo.it\/index.php?rest_route=\/wp\/v2\/types\/post"}],"author":[{"embeddable":true,"href":"https:\/\/demo.cicloturismo.it\/index.php?rest_route=\/wp\/v2\/users\/1"}],"replies":[{"embeddable":true,"href":"https:\/\/demo.cicloturismo.it\/index.php?rest_route=%2Fwp%2Fv2%2Fcomments&post=178794"}],"version-history":[{"count":0,"href":"https:\/\/demo.cicloturismo.it\/index.php?rest_route=\/wp\/v2\/posts\/178794\/revisions"}],"wp:featuredmedia":[{"embeddable":true,"href":"https:\/\/demo.cicloturismo.it\/index.php?rest_route=\/"}],"wp:attachment":[{"href":"https:\/\/demo.cicloturismo.it\/index.php?rest_route=%2Fwp%2Fv2%2Fmedia&parent=178794"}],"wp:term":[{"taxonomy":"category","embeddable":true,"href":"https:\/\/demo.cicloturismo.it\/index.php?rest_route=%2Fwp%2Fv2%2Fcategories&post=178794"},{"taxonomy":"post_tag","embeddable":true,"href":"https:\/\/demo.cicloturismo.it\/index.php?rest_route=%2Fwp%2Fv2%2Ftags&post=178794"}],"curies":[{"name":"wp","href":"https:\/\/api.w.org\/{rel}","templated":true}]}}