{"id":180775,"date":"2020-07-01T15:05:01","date_gmt":"2020-07-01T13:05:01","guid":{"rendered":"https:\/\/www.cicloturismo.it\/?p=180775"},"modified":"2020-07-01T15:05:01","modified_gmt":"2020-07-01T13:05:01","slug":"il-turismo-riparte-anche-dalla-bicicletta","status":"publish","type":"post","link":"https:\/\/demo.cicloturismo.it\/?p=180775","title":{"rendered":"Il turismo riparte anche dalla bicicletta"},"content":{"rendered":"<p>Dopo il lockdown una delle grandi priorit\u00e0 del paese \u00e8 stata quella di far ripartire il turismo, il vero volano economico dell&#8217;Italia. Ovviamente per\u00f2, tra le preoccupazioni legate ai contagi, le difficolt\u00e0 economiche di molte famiglie ed il blocco dei turisti stranieri, la strada da intraprendere non \u00e8 semplice e tanti imprenditori stanno cercando nuove strade per riprendere a lavorare.<\/p>\n<p>Ne abbiamo parlato con il Sig.<strong> Fernando Conti del Residence Le Rose di Marina di Bibbona<\/strong> (LI) che ha creato un pacchetto speciale per i cicloturisti chiamato &#8220;Bib..Bici&#8221;<br \/>\nL&#8217;idea, ci spiega il Sig. Conti, \u00e8 stata quella di prendere un periodo di bassa stagionalit\u00e0 come settembre e unire all&#8217;accoglienza uno strumento ideato per coniugare il territorio con gli amanti delle due ruote. <strong>Bibbona<\/strong>, e pi\u00f9 in generale tutta la <strong>Costa degli Etruschi<\/strong>, \u00e8 una meta gi\u00e0 famosa per chi ama v<strong>ivere le bellezze della natura in bicicletta<\/strong>, ricordiamo che proprio in questo territorio \u00e8 nato il pluricampione <strong>Paolo Bettini,<\/strong> da sempre testimonial delle bellezze locali.<\/p>\n<p><img decoding=\"async\" class=\"lazyload alignnone size-full wp-image-180780\" src=\"data:image\/svg+xml,%3Csvg%20xmlns%3D%27http%3A%2F%2Fwww.w3.org%2F2000%2Fsvg%27%20width%3D%27618%27%20height%3D%27464%27%20viewBox%3D%270%200%20618%20464%27%3E%3Crect%20width%3D%27618%27%20height%3D%27464%27%20fill-opacity%3D%220%22%2F%3E%3C%2Fsvg%3E\" data-orig-src=\"https:\/\/demo.cicloturismo.it\/wp-content\/uploads\/2020\/07\/bicibibbona2.jpg\" alt=\"\" width=\"618\" height=\"464\" \/><\/p>\n<p>&#8220;Il nostro residence, spiega il Sig. Conti, \u00e8 il punto di partenza perfetto per chi vuole seguire gli itinerari del &#8220;Grillo&#8221;, ma anche per chi desidera visitare la pineta del <span style=\"font-family: Comic Sans MS, serif;\">Tombolo Meridionale di Cecina-Bibbona che costeggia la nostra spiaggia di sabbia, potendo usufruire inoltre di un servizio di noleggio di mountain bike, ideale quindi per i non esperti. <\/span>Per gli appassionati, invece c&#8217;\u00e8 la possibilit\u00e0 di visitare la Macchia della Magona<span style=\"font-family: Comic Sans MS, serif;\"> lo sconfinato polmone verde di Bibbona distante appena 6 Km dal Residence Le Rose dove si snodano una serie infinita di percorsi, dal facile all\u2019impegnativo, da percorrere in tutta tranquillit\u00e0 per la presenza di segnaletica dedicata&#8221;. <\/span><\/p>\n<p align=\"justify\"><span style=\"font-family: Comic Sans MS, serif;\">&#8220;Nel Residence Le Rose avrete a disposizione appartamenti confortevoli e climatizzati dotati di angolo cottura e frigo-congelatore, \u00e8 a vostra disposizione anche la piscina per un tuffo rigenerante e defatigante, troverete inoltre la vasca idromassaggio per recuperare equilibrio fisico dopo l\u2019attivit\u00e0 sportiva ed infine per cena, presso il nostro ristorante \u201cDa Allegra\u201d, apprezzerete l\u2019inimitabile cucina tipica toscana oppure gusterete un\u2019ottima pizza prodotta con farine selezionate e lievitata per un minimo di 24 h, cotta nel tradizionale forno a legna.<\/span><\/p>\n<p align=\"justify\"><span style=\"font-family: Comic Sans MS, serif;\">A tutto questo aggiungete anche una sosta nella nostra spiaggia di sabbia per farvi un bel tuffo nel nostro mare pulito che ormai tanti anni si fregia dell\u2019ambito riconoscimento della Bandiera Blu <\/span><span style=\"font-family: Comic Sans MS, serif;\">A<br \/>\nchi non pu\u00f2 fare a meno di separarsi dalla propria compagna di viaggi abbiamo a disposizione un deposito dove poterle lasciare senza alcuna preoccupazione oppure per farvi sentire ancora pi\u00f9 sicuri \u00e8 possibile portarla in appartamento, un motivo in pi\u00f9 per sceglierci!&#8221;<\/span><\/p>\n<p align=\"justify\"><strong>Abbiamo voluto dare spazio all&#8217;iniziativa di questo imprenditore locale, tra l&#8217;altro un appassionato e nostro amico, nella speranza che altri seguano il suo esempio e dedichino sempre maggiore attenzione al cicloturismo, ormai non pi\u00e0 un fenomeno per pochi, ma una opportunit\u00f2, forse unica per rilanciare questo settore cos\u00ec in crisi.<\/strong><\/p>\n<p align=\"justify\">Dimenticavamo una cosa: se qualcuno fosse interessato all&#8217;offerta speciale ecco quello che il Sig. Conti offre a tutti gli amanti delle due ruote<\/p>\n<p align=\"center\"><span style=\"font-family: Comic Sans MS, serif;\"><span style=\"font-size: large;\"><img decoding=\"async\" class=\"lazyload alignnone size-full wp-image-180779\" src=\"data:image\/svg+xml,%3Csvg%20xmlns%3D%27http%3A%2F%2Fwww.w3.org%2F2000%2Fsvg%27%20width%3D%27204%27%20height%3D%27206%27%20viewBox%3D%270%200%20204%20206%27%3E%3Crect%20width%3D%27204%27%20height%3D%27206%27%20fill-opacity%3D%220%22%2F%3E%3C%2Fsvg%3E\" data-orig-src=\"https:\/\/demo.cicloturismo.it\/wp-content\/uploads\/2020\/07\/logolerose.jpg\" alt=\"\" width=\"204\" height=\"206\" \/><\/span><\/span><\/p>\n<p align=\"center\"><span style=\"font-family: Comic Sans MS, serif;\"><span style=\"font-size: large;\">Ecco l&#8217;offerta Bib..bici:<\/span><\/span><\/p>\n<p align=\"center\"><span style=\"font-family: Comic Sans MS, serif;\"><span style=\"font-size: x-large;\">Pernottamento + cena di tre portate con acqua ai pasti inclusa<br \/>\nEuro 60,00 a persona &#8211; minimo 2 partecipanti<\/span><\/span><\/p>\n<p align=\"center\"><span style=\"font-family: Comic Sans MS, serif;\"><span style=\"font-size: medium;\">Possibilit\u00e0 di richiedere guida esperta del tracciato.<\/span><\/span><\/p>\n<p align=\"center\">[qodef_button size=&#8221;large&#8221; type=&#8221;&#8221; text=&#8221;Pre prenotare clicca qua&#8221; custom_class=&#8221;&#8221; icon_pack=&#8221;font_awesome&#8221; fa_icon=&#8221;&#8221; link=&#8221;https:\/\/secure.iperbooking.net\/be\/it\/residence-le-rose-marina-di-bibbona-li\/?idTrattamento=6&amp;numeroCamere=1&amp;camera_1_adulti=2&amp;camera_1_bambini=0&amp;arrivo=05%2F09%2F2020&amp;partenza=08%2F09%2F2020#\/ris?idContatto=47491702&amp;idRicercaCamera=6710120&amp;ta=6&#8243; target=&#8221;_self&#8221; color=&#8221;&#8221; hover_color=&#8221;&#8221; background_color=&#8221;&#8221; hover_background_color=&#8221;&#8221; border_color=&#8221;&#8221; hover_border_color=&#8221;&#8221; font_size=&#8221;&#8221; font_weight=&#8221;&#8221; margin=&#8221;&#8221;]<\/p>\n<h2 align=\"center\"><\/h2>\n<p align=\"center\"><span style=\"font-family: Comic Sans MS, serif;\"><span style=\"font-size: medium;\">Valida dal 05\/09 al 11\/10. Per tutti gli altri periodi sono comunque presenti offerte speciali per i cicloturisti.<\/span><\/span><\/p>\n<p align=\"justify\">\n","protected":false},"excerpt":{"rendered":"<p>Dopo il lockdown una delle grandi priorit\u00e0 del paese \u00e8  [&#8230;]<\/p>\n","protected":false},"author":1,"featured_media":180778,"comment_status":"open","ping_status":"open","sticky":false,"template":"","format":"standard","meta":{"footnotes":""},"categories":[8],"tags":[],"class_list":["post-180775","post","type-post","status-publish","format-standard","has-post-thumbnail","hentry","category-news"],"_links":{"self":[{"href":"https:\/\/demo.cicloturismo.it\/index.php?rest_route=\/wp\/v2\/posts\/180775","targetHints":{"allow":["GET"]}}],"collection":[{"href":"https:\/\/demo.cicloturismo.it\/index.php?rest_route=\/wp\/v2\/posts"}],"about":[{"href":"https:\/\/demo.cicloturismo.it\/index.php?rest_route=\/wp\/v2\/types\/post"}],"author":[{"embeddable":true,"href":"https:\/\/demo.cicloturismo.it\/index.php?rest_route=\/wp\/v2\/users\/1"}],"replies":[{"embeddable":true,"href":"https:\/\/demo.cicloturismo.it\/index.php?rest_route=%2Fwp%2Fv2%2Fcomments&post=180775"}],"version-history":[{"count":0,"href":"https:\/\/demo.cicloturismo.it\/index.php?rest_route=\/wp\/v2\/posts\/180775\/revisions"}],"wp:featuredmedia":[{"embeddable":true,"href":"https:\/\/demo.cicloturismo.it\/index.php?rest_route=\/"}],"wp:attachment":[{"href":"https:\/\/demo.cicloturismo.it\/index.php?rest_route=%2Fwp%2Fv2%2Fmedia&parent=180775"}],"wp:term":[{"taxonomy":"category","embeddable":true,"href":"https:\/\/demo.cicloturismo.it\/index.php?rest_route=%2Fwp%2Fv2%2Fcategories&post=180775"},{"taxonomy":"post_tag","embeddable":true,"href":"https:\/\/demo.cicloturismo.it\/index.php?rest_route=%2Fwp%2Fv2%2Ftags&post=180775"}],"curies":[{"name":"wp","href":"https:\/\/api.w.org\/{rel}","templated":true}]}}