{"id":185454,"date":"2021-03-01T15:48:18","date_gmt":"2021-03-01T13:48:18","guid":{"rendered":"https:\/\/www.cicloturismo.it\/?p=185454"},"modified":"2021-03-01T15:48:18","modified_gmt":"2021-03-01T13:48:18","slug":"sara-realizzata-una-nuova-ciclabile-nel-comune-di-montelupo-fiorentino","status":"publish","type":"post","link":"https:\/\/demo.cicloturismo.it\/?p=185454","title":{"rendered":"Sar\u00e0 realizzata una nuova ciclabile nel comune di Montelupo Fiorentino"},"content":{"rendered":"<p><img decoding=\"async\" src=\"data:image\/svg+xml,%3Csvg%20xmlns%3D%27http%3A%2F%2Fwww.w3.org%2F2000%2Fsvg%27%20width%3D%27300%27%20height%3D%27200%27%20viewBox%3D%270%200%20300%20200%27%3E%3Crect%20width%3D%27300%27%20height%3D%27200%27%20fill-opacity%3D%220%22%2F%3E%3C%2Fsvg%3E\" data-orig-src=\"https:\/\/demo.cicloturismo.it\/wp-content\/uploads\/2021\/03\/bicycle-path-3862341_1920-300x200.jpg\" alt=\"\" width=\"300\" height=\"200\" class=\"lazyload alignnone size-medium wp-image-185455\" \/><\/p>\n<p>La rete ciclabile del comune di  Montelupo Fiorentino ha un\u2019estensione  di quasi 20 chilometri e interessa varie zona della citt\u00e0 tra cui le scuole .Grazie ai percorso appena realizzati lungo i due fiumi che attraversano la citt\u00e0, sar\u00e0 anche possibile pedalare in mezza al natura senza il traffico automobilistico . Con la  realizzazione di queste ciclabili l&#8217; amministrazione comunale punta a far si le ciclabili vengano usate dai cittadini  per spostamenti \u201cquotidiani\u201d. La scorsa settimana \u00e8 stato annunciato un nuovo finanziamento dalla Citt\u00e0 Metropolitana di 150.000 euro, per progettate un nuovo tratto della ciclopista 1, che si snoda lungo via Fratelli Cervi. <\/p>\n","protected":false},"excerpt":{"rendered":"<p>La rete ciclabile del comune di Montelupo Fiorentino ha un\u2019estensione  [&#8230;]<\/p>\n","protected":false},"author":1,"featured_media":185455,"comment_status":"open","ping_status":"open","sticky":false,"template":"","format":"standard","meta":{"footnotes":""},"categories":[8],"tags":[],"class_list":["post-185454","post","type-post","status-publish","format-standard","has-post-thumbnail","hentry","category-news"],"_links":{"self":[{"href":"https:\/\/demo.cicloturismo.it\/index.php?rest_route=\/wp\/v2\/posts\/185454","targetHints":{"allow":["GET"]}}],"collection":[{"href":"https:\/\/demo.cicloturismo.it\/index.php?rest_route=\/wp\/v2\/posts"}],"about":[{"href":"https:\/\/demo.cicloturismo.it\/index.php?rest_route=\/wp\/v2\/types\/post"}],"author":[{"embeddable":true,"href":"https:\/\/demo.cicloturismo.it\/index.php?rest_route=\/wp\/v2\/users\/1"}],"replies":[{"embeddable":true,"href":"https:\/\/demo.cicloturismo.it\/index.php?rest_route=%2Fwp%2Fv2%2Fcomments&post=185454"}],"version-history":[{"count":0,"href":"https:\/\/demo.cicloturismo.it\/index.php?rest_route=\/wp\/v2\/posts\/185454\/revisions"}],"wp:featuredmedia":[{"embeddable":true,"href":"https:\/\/demo.cicloturismo.it\/index.php?rest_route=\/"}],"wp:attachment":[{"href":"https:\/\/demo.cicloturismo.it\/index.php?rest_route=%2Fwp%2Fv2%2Fmedia&parent=185454"}],"wp:term":[{"taxonomy":"category","embeddable":true,"href":"https:\/\/demo.cicloturismo.it\/index.php?rest_route=%2Fwp%2Fv2%2Fcategories&post=185454"},{"taxonomy":"post_tag","embeddable":true,"href":"https:\/\/demo.cicloturismo.it\/index.php?rest_route=%2Fwp%2Fv2%2Ftags&post=185454"}],"curies":[{"name":"wp","href":"https:\/\/api.w.org\/{rel}","templated":true}]}}