{"id":185459,"date":"2021-03-01T16:22:58","date_gmt":"2021-03-01T14:22:58","guid":{"rendered":"https:\/\/www.cicloturismo.it\/?p=185459"},"modified":"2021-03-01T16:22:58","modified_gmt":"2021-03-01T14:22:58","slug":"nuova-ciclovia-tra-la-citta-di-bergamo-e-brescia","status":"publish","type":"post","link":"https:\/\/demo.cicloturismo.it\/?p=185459","title":{"rendered":"Nuova Ciclovia Tra Bergamo e Brescia."},"content":{"rendered":"<p><img decoding=\"async\" src=\"data:image\/svg+xml,%3Csvg%20xmlns%3D%27http%3A%2F%2Fwww.w3.org%2F2000%2Fsvg%27%20width%3D%27300%27%20height%3D%27168%27%20viewBox%3D%270%200%20300%20168%27%3E%3Crect%20width%3D%27300%27%20height%3D%27168%27%20fill-opacity%3D%220%22%2F%3E%3C%2Fsvg%3E\" data-orig-src=\"https:\/\/demo.cicloturismo.it\/wp-content\/uploads\/2021\/03\/vineyards-817926_640-300x168.jpg\" alt=\"\" width=\"300\" height=\"168\" class=\"lazyload alignnone size-medium wp-image-185460\" \/><br \/>\nQuest&#8217;oggi \u00e8 stato presentato il progetta della Ciclovia della cultura , metter\u00e0 in comunicazione la citt\u00e0  di Brescia e Bergamo,le due capitali italiane della Cultura 2023 .Il progetto prevede di realizzare una ciclabile lunga 75 chilometri , avr\u00e0 come obiettivo principale di valorizzare il territorio che verr\u00e0 attraversato , ricco di storia e natura . La Ciclovia partir\u00e0 dalla citt\u00e0 di Bergamo per poi collegarsi con la via ciclabile del Parco del Serio, per poi attraversare i borghi storici di Brusaporto, Costa di Mezzate e Montello. Il tratto tra la localit\u00e0 di Gorlago e Chiuduno si svolger\u00e0 distante dal traffico automobilistico , per poi proseguire fino alla localit\u00e0 di Castelli Calepio . Il Parco Naturale delle Torbiere sar\u00e0 il pi\u00f9 valorizzata nel primo tratto bresciano della via ciclabile, per poi giungere fino  in Franciacorta attraversando i borghi storici di Provaglio d\u2019Iseo, Borgonato e i castelli di Passirano, Bornato e Paderno Franciacorta. Dopo alcuni chilometri la Ciclovia attraverser\u00e0 i vigneti del  Gussago e Cellatica per poi concludersi  nella citt\u00e0 di Brescia.<\/p>\n","protected":false},"excerpt":{"rendered":"<p>Quest&#8217;oggi \u00e8 stato presentato il progetta della Ciclovia della cultura  [&#8230;]<\/p>\n","protected":false},"author":1,"featured_media":185460,"comment_status":"open","ping_status":"open","sticky":false,"template":"","format":"standard","meta":{"footnotes":""},"categories":[8],"tags":[],"class_list":["post-185459","post","type-post","status-publish","format-standard","has-post-thumbnail","hentry","category-news"],"_links":{"self":[{"href":"https:\/\/demo.cicloturismo.it\/index.php?rest_route=\/wp\/v2\/posts\/185459","targetHints":{"allow":["GET"]}}],"collection":[{"href":"https:\/\/demo.cicloturismo.it\/index.php?rest_route=\/wp\/v2\/posts"}],"about":[{"href":"https:\/\/demo.cicloturismo.it\/index.php?rest_route=\/wp\/v2\/types\/post"}],"author":[{"embeddable":true,"href":"https:\/\/demo.cicloturismo.it\/index.php?rest_route=\/wp\/v2\/users\/1"}],"replies":[{"embeddable":true,"href":"https:\/\/demo.cicloturismo.it\/index.php?rest_route=%2Fwp%2Fv2%2Fcomments&post=185459"}],"version-history":[{"count":0,"href":"https:\/\/demo.cicloturismo.it\/index.php?rest_route=\/wp\/v2\/posts\/185459\/revisions"}],"wp:featuredmedia":[{"embeddable":true,"href":"https:\/\/demo.cicloturismo.it\/index.php?rest_route=\/"}],"wp:attachment":[{"href":"https:\/\/demo.cicloturismo.it\/index.php?rest_route=%2Fwp%2Fv2%2Fmedia&parent=185459"}],"wp:term":[{"taxonomy":"category","embeddable":true,"href":"https:\/\/demo.cicloturismo.it\/index.php?rest_route=%2Fwp%2Fv2%2Fcategories&post=185459"},{"taxonomy":"post_tag","embeddable":true,"href":"https:\/\/demo.cicloturismo.it\/index.php?rest_route=%2Fwp%2Fv2%2Ftags&post=185459"}],"curies":[{"name":"wp","href":"https:\/\/api.w.org\/{rel}","templated":true}]}}