{"id":185485,"date":"2021-03-03T16:07:30","date_gmt":"2021-03-03T14:07:30","guid":{"rendered":"https:\/\/www.cicloturismo.it\/?p=185485"},"modified":"2021-03-03T16:07:30","modified_gmt":"2021-03-03T14:07:30","slug":"nuove-ciclabile-nella-citta-di-palermo","status":"publish","type":"post","link":"https:\/\/demo.cicloturismo.it\/?p=185485","title":{"rendered":"Nuove ciclabili nella citt\u00e0 di Palermo ."},"content":{"rendered":"<p><img decoding=\"async\" class=\"lazyload alignnone size-medium wp-image-185431\" src=\"data:image\/svg+xml,%3Csvg%20xmlns%3D%27http%3A%2F%2Fwww.w3.org%2F2000%2Fsvg%27%20width%3D%27199%27%20height%3D%27300%27%20viewBox%3D%270%200%20199%20300%27%3E%3Crect%20width%3D%27199%27%20height%3D%27300%27%20fill-opacity%3D%220%22%2F%3E%3C%2Fsvg%3E\" data-orig-src=\"https:\/\/demo.cicloturismo.it\/wp-content\/uploads\/2021\/02\/cyclists-885609_1920-199x300.jpg\" alt=\"\" width=\"199\" height=\"300\" \/><\/p>\n<p>&nbsp;<\/p>\n<p>&nbsp;<\/p>\n<p>Il comune di palermo ha ottenuto il finanziamento di 500 mila euro dal ministero dell\u2019Ambiente\u00a0 per terminare la ciclabile a doppio senso di marcia che parte da Via Dante per poi concludersi in Via Praga. In\u00a0 attesa del finanziamento il comune si \u00e8 portato gi\u00e0 avanti\u00a0 con l&#8217;istallazione\u00a0 della segnaletica stradale. Ora che sono arrivati i soldi dal Governo si proceder\u00e0 con il rifacimento del manto stradale\u00a0 , l&#8217;installazione di varie\u00a0 stazioni di bike sharing lungo tutta la pista ciclabile. Ci sar\u00e0 anche un altro bando di gara da 3 milioni e mezzo del ministero delle Infrastrutture e dei trasporti che\u00a0 servir\u00e0 per realizzazione la ciclabile che metter\u00e0 in collegamento la citt\u00e0 universitaria e via Archirafi.<\/p>\n<p>&nbsp;<\/p>\n<p>&nbsp;<\/p>\n","protected":false},"excerpt":{"rendered":"<p>&nbsp; &nbsp; Il comune di palermo ha ottenuto il finanziamento  [&#8230;]<\/p>\n","protected":false},"author":1,"featured_media":185431,"comment_status":"open","ping_status":"open","sticky":false,"template":"","format":"standard","meta":{"footnotes":""},"categories":[8],"tags":[],"class_list":["post-185485","post","type-post","status-publish","format-standard","has-post-thumbnail","hentry","category-news"],"_links":{"self":[{"href":"https:\/\/demo.cicloturismo.it\/index.php?rest_route=\/wp\/v2\/posts\/185485","targetHints":{"allow":["GET"]}}],"collection":[{"href":"https:\/\/demo.cicloturismo.it\/index.php?rest_route=\/wp\/v2\/posts"}],"about":[{"href":"https:\/\/demo.cicloturismo.it\/index.php?rest_route=\/wp\/v2\/types\/post"}],"author":[{"embeddable":true,"href":"https:\/\/demo.cicloturismo.it\/index.php?rest_route=\/wp\/v2\/users\/1"}],"replies":[{"embeddable":true,"href":"https:\/\/demo.cicloturismo.it\/index.php?rest_route=%2Fwp%2Fv2%2Fcomments&post=185485"}],"version-history":[{"count":0,"href":"https:\/\/demo.cicloturismo.it\/index.php?rest_route=\/wp\/v2\/posts\/185485\/revisions"}],"wp:featuredmedia":[{"embeddable":true,"href":"https:\/\/demo.cicloturismo.it\/index.php?rest_route=\/"}],"wp:attachment":[{"href":"https:\/\/demo.cicloturismo.it\/index.php?rest_route=%2Fwp%2Fv2%2Fmedia&parent=185485"}],"wp:term":[{"taxonomy":"category","embeddable":true,"href":"https:\/\/demo.cicloturismo.it\/index.php?rest_route=%2Fwp%2Fv2%2Fcategories&post=185485"},{"taxonomy":"post_tag","embeddable":true,"href":"https:\/\/demo.cicloturismo.it\/index.php?rest_route=%2Fwp%2Fv2%2Ftags&post=185485"}],"curies":[{"name":"wp","href":"https:\/\/api.w.org\/{rel}","templated":true}]}}