{"id":185560,"date":"2021-03-09T10:41:56","date_gmt":"2021-03-09T08:41:56","guid":{"rendered":"https:\/\/www.cicloturismo.it\/?p=185560"},"modified":"2021-03-09T10:41:56","modified_gmt":"2021-03-09T08:41:56","slug":"nuovo-dpcm-posso-uscire-in-bicicletta","status":"publish","type":"post","link":"https:\/\/demo.cicloturismo.it\/?p=185560","title":{"rendered":"Nuovo DPCM posso uscire in bicicletta?"},"content":{"rendered":"<p>Nuovo DPCM stessa domanda che attanaglia milioni di appassionati. Facciamo chiarezza.<\/p>\n<p>Il nuovo DPCM sar\u00e0 in vigore dal 6 Marzo al 6 Aprile 2021 e si articola sulla base di 5 zone: <strong>Bianca<\/strong>, <span style=\"color: #ffff00;\"><strong>Gialla<\/strong><\/span>, <span style=\"color: #ff9900;\"><strong>Arancione<\/strong><\/span>, <span style=\"color: #ff6600;\"><strong>Arancione Scuro<\/strong><\/span> e <span style=\"color: #ff0000;\"><strong>Rosso<\/strong><\/span> .<\/p>\n<h4>CONSIGLIAMO IL TESSERAMENTO AD UN ENTE DI PROMOZIONE SPORTIVA, IL TESSERINO RILASCIATO DALL&#8217;ENTE \u00c8 UN DOCUMENTO VALIDO IN CASO DI CONTROLLI E VERIFICHE.<\/h4>\n<p><strong>Qualsiasi sia la zona \u00e8 possibile praticare attivit\u00e0 sportiva all&#8217;aperto in forma individuale. <\/strong>Citiamo il sito del Governo:<\/p>\n<blockquote><p>\u00c8 possibile, nello svolgimento di un&#8217;attivit\u00e0 sportiva che comporti uno spostamento ( per esempio la corsa o la bicicletta ), entrare in un altro comune, purch\u00e9 tale spostamento resti funzionale unicamente all&#8217;attivit\u00e0 sportiva stessa e la destinazione finale coincida con il comune di partenza.<\/p><\/blockquote>\n<p>Approfondiamo ogni aspetto per ogni zona:<\/p>\n<ul>\n<li>ZONA <strong>BIANCA<br \/>\n<\/strong>\u00e8 consentito il regolare svolgimento dell&#8217;attivit\u00e0 sportiva e delle manifestazioni sportive senza pubblico ed assembramenti.<br \/>\n&nbsp;<\/li>\n<li>ZONA <span style=\"color: #ffff00;\"><strong>GIALLA<\/strong><\/span><br \/>\n\u00e8 consentito il regolare svolgimento dell&#8217;attivit\u00e0 sportiva anche nei parchi pubblici e nelle aree attrezzate.<br \/>\nPalestre, piscine, centri natatori, centri benessere e centri termali NON sono attivi.<br \/>\nCentri e Circoli sportivi all&#8217;aperto sono attivi.<br \/>\n&nbsp;<br \/>\nSono consentite le manifestazioni di sport individuali e di squadra, sia all&#8217;aperto che al chiuso senza pubblico ed assembramenti, riconosciute dal CONI di interesse nazionale.<br \/>\n&nbsp;<\/li>\n<li>ZONA <span style=\"color: #ff9900;\"><strong>ARANCIONE<br \/>\n<\/strong><\/span>vale quanto stabilito per la zona<span style=\"color: #ffff00;\"><span style=\"color: #ffff00;\"><b> Gialla<\/b><\/span><\/span><br \/>\n&nbsp;<\/li>\n<li>ZONA <span style=\"color: #ff6600;\"><strong>ARANCIONE SCURO<br \/>\n<\/strong><\/span>vale quanto stabilito per la zona <span style=\"color: #ff9900;\"><span style=\"color: #ff9900;\"><strong>Arancione<\/strong><\/span><\/span><br \/>\n&nbsp;<\/li>\n<li>ZONA <span style=\"color: #ff0000;\"><strong>ROSSA<br \/>\n<\/strong><\/span>\u00e8 consentito solo lo svolgimento dell&#8217;attivit\u00e0 sportiva individuale all&#8217;aperto in prossimit\u00e0 della propria abitazione, con l&#8217;obbligo di utilizzo dei dispositivi di protezione delle vie respiratorie.<br \/>\nPer le attivit\u00e0 sportive che comportano uno spostamento ( per esempio la corsa o la bicicletta ) \u00e8 possibile allontanarsi dalla propria abitazione ed entrare in altri comuni purch\u00e9 lo spostamento resti funzionale all&#8217;attivit\u00e0 sportiva stessa e la destinazione finale coincida con il comune di partenza.<br \/>\n&nbsp;<br \/>\nCentri e Circoli sportivi all&#8217;aperto NON sono attivi.<br \/>\n&nbsp;<br \/>\nSono consentite le manifestazioni di sport individuali e di squadra, sia all&#8217;aperto che al chiuso senza pubblico ed assembramenti, previsti nel calendario approvato dal CONI.<br \/>\n&nbsp;<\/li>\n<\/ul>\n<p><strong>I comuni hanno facolt\u00e0 di limitare e applicare misure pi\u00f9 stringenti rispetto alle normative nazionali. Per cui parchi pubblici, aree attrezzate, centri e circoli sportivi all&#8217;aperto potrebbero risultare NON attivi anche in zone consentite.<\/strong><\/p>\n<p>FONTE: <a href=\"https:\/\/www.federciclismo.it\/it\/article\/2021\/03\/06\/dpcm-del-2-marzo-2021-le-regole-per-lattivita-sportiva\/38beb068-2fa1-40e4-b1ff-ec119fefd4a4\/?fbclid=IwAR1nxTSHJFAbOB42x89saobXMBOzYKNOqfhtj8JcwscQ2mDL6jwXcdW25lA\" target=\"_blank\" rel=\"noopener noreferrer\">federciclismo.it<\/a><\/p>\n","protected":false},"excerpt":{"rendered":"<p>Nuovo DPCM stessa domanda che attanaglia milioni di appassionati. Facciamo  [&#8230;]<\/p>\n","protected":false},"author":1,"featured_media":185561,"comment_status":"open","ping_status":"open","sticky":false,"template":"","format":"standard","meta":{"footnotes":""},"categories":[8],"tags":[],"class_list":["post-185560","post","type-post","status-publish","format-standard","has-post-thumbnail","hentry","category-news"],"_links":{"self":[{"href":"https:\/\/demo.cicloturismo.it\/index.php?rest_route=\/wp\/v2\/posts\/185560","targetHints":{"allow":["GET"]}}],"collection":[{"href":"https:\/\/demo.cicloturismo.it\/index.php?rest_route=\/wp\/v2\/posts"}],"about":[{"href":"https:\/\/demo.cicloturismo.it\/index.php?rest_route=\/wp\/v2\/types\/post"}],"author":[{"embeddable":true,"href":"https:\/\/demo.cicloturismo.it\/index.php?rest_route=\/wp\/v2\/users\/1"}],"replies":[{"embeddable":true,"href":"https:\/\/demo.cicloturismo.it\/index.php?rest_route=%2Fwp%2Fv2%2Fcomments&post=185560"}],"version-history":[{"count":0,"href":"https:\/\/demo.cicloturismo.it\/index.php?rest_route=\/wp\/v2\/posts\/185560\/revisions"}],"wp:featuredmedia":[{"embeddable":true,"href":"https:\/\/demo.cicloturismo.it\/index.php?rest_route=\/"}],"wp:attachment":[{"href":"https:\/\/demo.cicloturismo.it\/index.php?rest_route=%2Fwp%2Fv2%2Fmedia&parent=185560"}],"wp:term":[{"taxonomy":"category","embeddable":true,"href":"https:\/\/demo.cicloturismo.it\/index.php?rest_route=%2Fwp%2Fv2%2Fcategories&post=185560"},{"taxonomy":"post_tag","embeddable":true,"href":"https:\/\/demo.cicloturismo.it\/index.php?rest_route=%2Fwp%2Fv2%2Ftags&post=185560"}],"curies":[{"name":"wp","href":"https:\/\/api.w.org\/{rel}","templated":true}]}}