{"id":185668,"date":"2021-03-11T16:38:08","date_gmt":"2021-03-11T14:38:08","guid":{"rendered":"https:\/\/www.cicloturismo.it\/?p=185668"},"modified":"2021-03-11T16:38:08","modified_gmt":"2021-03-11T14:38:08","slug":"passaporto-vaccinale-per-i-cicloamatori-che-vogliono-partecipare-alle-granfondo","status":"publish","type":"post","link":"https:\/\/demo.cicloturismo.it\/?p=185668","title":{"rendered":"Passaporto vaccinale  per i cicloamatori che vogliono partecipare alle Granfondo ."},"content":{"rendered":"<p><img decoding=\"async\" class=\"lazyload alignnone size-medium wp-image-185518\" src=\"data:image\/svg+xml,%3Csvg%20xmlns%3D%27http%3A%2F%2Fwww.w3.org%2F2000%2Fsvg%27%20width%3D%27300%27%20height%3D%27200%27%20viewBox%3D%270%200%20300%20200%27%3E%3Crect%20width%3D%27300%27%20height%3D%27200%27%20fill-opacity%3D%220%22%2F%3E%3C%2Fsvg%3E\" data-orig-src=\"https:\/\/demo.cicloturismo.it\/wp-content\/uploads\/2021\/03\/bikes-5609389_1920-300x200.jpg\" alt=\"\" width=\"300\" height=\"200\" \/><\/p>\n<p>L&#8217;ex corridore professionista Massimo Iannetti\u00a0 ha rilasciato un&#8217;intervista al quotidiano &#8220;<strong>La citt\u00e0<\/strong> &#8221; della provincia di Teramo , dicendo di essere favorevole al passaporto vaccinale per i cicloamatori che vogliono partecipare a manifestazioni sportive come le Granfondo . Nella sua lunga intervista ha dichiaranti anche &#8221; <b>Sottoporsi alla vaccinazione \u00e8 un atto di responsabilit\u00e0, pur non giudicando chi non si vuole vaccinare, poich\u00e9 \u00a0l&#8217;italia \u00e8 un paese libero e ogni pu\u00f2 fare quello che vuole. Personalmente ritengo che sia opportuno che i ciclisti amatoriale siano\u00a0 obbligati alla vaccinazione per partecipare agli eventi sportivi\u00a0 come le granfondo .Oppure siano sottoposti a un tampone rapido prima di partecipare alla manifestazione, garantendo cosi la sicurezza di tutti &#8220;.<\/b><\/p>\n","protected":false},"excerpt":{"rendered":"<p>L&#8217;ex corridore professionista Massimo Iannetti\u00a0 ha rilasciato un&#8217;intervista al quotidiano  [&#8230;]<\/p>\n","protected":false},"author":1,"featured_media":185518,"comment_status":"open","ping_status":"open","sticky":false,"template":"","format":"standard","meta":{"footnotes":""},"categories":[8],"tags":[],"class_list":["post-185668","post","type-post","status-publish","format-standard","has-post-thumbnail","hentry","category-news"],"_links":{"self":[{"href":"https:\/\/demo.cicloturismo.it\/index.php?rest_route=\/wp\/v2\/posts\/185668","targetHints":{"allow":["GET"]}}],"collection":[{"href":"https:\/\/demo.cicloturismo.it\/index.php?rest_route=\/wp\/v2\/posts"}],"about":[{"href":"https:\/\/demo.cicloturismo.it\/index.php?rest_route=\/wp\/v2\/types\/post"}],"author":[{"embeddable":true,"href":"https:\/\/demo.cicloturismo.it\/index.php?rest_route=\/wp\/v2\/users\/1"}],"replies":[{"embeddable":true,"href":"https:\/\/demo.cicloturismo.it\/index.php?rest_route=%2Fwp%2Fv2%2Fcomments&post=185668"}],"version-history":[{"count":0,"href":"https:\/\/demo.cicloturismo.it\/index.php?rest_route=\/wp\/v2\/posts\/185668\/revisions"}],"wp:featuredmedia":[{"embeddable":true,"href":"https:\/\/demo.cicloturismo.it\/index.php?rest_route=\/"}],"wp:attachment":[{"href":"https:\/\/demo.cicloturismo.it\/index.php?rest_route=%2Fwp%2Fv2%2Fmedia&parent=185668"}],"wp:term":[{"taxonomy":"category","embeddable":true,"href":"https:\/\/demo.cicloturismo.it\/index.php?rest_route=%2Fwp%2Fv2%2Fcategories&post=185668"},{"taxonomy":"post_tag","embeddable":true,"href":"https:\/\/demo.cicloturismo.it\/index.php?rest_route=%2Fwp%2Fv2%2Ftags&post=185668"}],"curies":[{"name":"wp","href":"https:\/\/api.w.org\/{rel}","templated":true}]}}