{"id":185689,"date":"2021-03-13T16:17:39","date_gmt":"2021-03-13T14:17:39","guid":{"rendered":"https:\/\/www.cicloturismo.it\/?p=185689"},"modified":"2021-03-13T16:17:39","modified_gmt":"2021-03-13T14:17:39","slug":"zona-rossa-e-arancione-salva-lattivita-sportiva-individuale","status":"publish","type":"post","link":"https:\/\/demo.cicloturismo.it\/?p=185689","title":{"rendered":"Zona rossa e arancione: salva l\u2019attivit\u00e0  sportiva  individuale."},"content":{"rendered":"<p><img decoding=\"async\" class=\"lazyload alignnone size-medium wp-image-185643\" src=\"data:image\/svg+xml,%3Csvg%20xmlns%3D%27http%3A%2F%2Fwww.w3.org%2F2000%2Fsvg%27%20width%3D%27300%27%20height%3D%27200%27%20viewBox%3D%270%200%20300%20200%27%3E%3Crect%20width%3D%27300%27%20height%3D%27200%27%20fill-opacity%3D%220%22%2F%3E%3C%2Fsvg%3E\" data-orig-src=\"https:\/\/demo.cicloturismo.it\/wp-content\/uploads\/2021\/03\/cyclist-1537843_1920-300x200.jpg\" alt=\"\" width=\"300\" height=\"200\" \/><\/p>\n<p>Da luned\u00ec molte regioni italiane\u00a0 entrano in zona arancione e rossa, ad eccezione della Sardegna che resta in zona bianca. Ma per gli amati della\u00a0 \u00a0bicicletta\u00a0 le restrizioni saranno meno pesanti rispetto al primo lockdown .<\/p>\n<p>In <strong>zona arancione<\/strong>:Si pu\u00f2 andare in bicicletta , inoltre sar\u00e0 possibile uscire anche dal proprio comune di residenza purch\u00e9 lo spostamento sia in funzione dell&#8217;attivit\u00e0 sportiva stessa e la destinazione finale coincida con il Comune di partenza.<\/p>\n<p>In <strong>zona rossa<\/strong>: E\u2019 consentito svolgere l&#8217;attivit\u00e0 sportiva in bicicletta solo in forma individuale, inoltre sar\u00e0 possibile uscire anche dal proprio comune di residenza purch\u00e9 lo spostamento sia in funzione dell&#8217;attivit\u00e0 sportiva stessa e la destinazione finale coincida con il Comune di partenza.<\/p>\n","protected":false},"excerpt":{"rendered":"<p>Da luned\u00ec molte regioni italiane\u00a0 entrano in zona arancione e  [&#8230;]<\/p>\n","protected":false},"author":1,"featured_media":185643,"comment_status":"open","ping_status":"open","sticky":false,"template":"","format":"standard","meta":{"footnotes":""},"categories":[8],"tags":[],"class_list":["post-185689","post","type-post","status-publish","format-standard","has-post-thumbnail","hentry","category-news"],"_links":{"self":[{"href":"https:\/\/demo.cicloturismo.it\/index.php?rest_route=\/wp\/v2\/posts\/185689","targetHints":{"allow":["GET"]}}],"collection":[{"href":"https:\/\/demo.cicloturismo.it\/index.php?rest_route=\/wp\/v2\/posts"}],"about":[{"href":"https:\/\/demo.cicloturismo.it\/index.php?rest_route=\/wp\/v2\/types\/post"}],"author":[{"embeddable":true,"href":"https:\/\/demo.cicloturismo.it\/index.php?rest_route=\/wp\/v2\/users\/1"}],"replies":[{"embeddable":true,"href":"https:\/\/demo.cicloturismo.it\/index.php?rest_route=%2Fwp%2Fv2%2Fcomments&post=185689"}],"version-history":[{"count":0,"href":"https:\/\/demo.cicloturismo.it\/index.php?rest_route=\/wp\/v2\/posts\/185689\/revisions"}],"wp:featuredmedia":[{"embeddable":true,"href":"https:\/\/demo.cicloturismo.it\/index.php?rest_route=\/"}],"wp:attachment":[{"href":"https:\/\/demo.cicloturismo.it\/index.php?rest_route=%2Fwp%2Fv2%2Fmedia&parent=185689"}],"wp:term":[{"taxonomy":"category","embeddable":true,"href":"https:\/\/demo.cicloturismo.it\/index.php?rest_route=%2Fwp%2Fv2%2Fcategories&post=185689"},{"taxonomy":"post_tag","embeddable":true,"href":"https:\/\/demo.cicloturismo.it\/index.php?rest_route=%2Fwp%2Fv2%2Ftags&post=185689"}],"curies":[{"name":"wp","href":"https:\/\/api.w.org\/{rel}","templated":true}]}}