{"id":185817,"date":"2021-03-23T17:15:49","date_gmt":"2021-03-23T15:15:49","guid":{"rendered":"https:\/\/www.cicloturismo.it\/?p=185817"},"modified":"2021-03-23T17:15:49","modified_gmt":"2021-03-23T15:15:49","slug":"nuova-ciclabile-nel-comune-di-fenis","status":"publish","type":"post","link":"https:\/\/demo.cicloturismo.it\/?p=185817","title":{"rendered":"Nuova ciclabile nel comune di F\u00e9nis."},"content":{"rendered":"<p><img decoding=\"async\" class=\"lazyload alignnone size-medium wp-image-185547\" src=\"data:image\/svg+xml,%3Csvg%20xmlns%3D%27http%3A%2F%2Fwww.w3.org%2F2000%2Fsvg%27%20width%3D%27300%27%20height%3D%27200%27%20viewBox%3D%270%200%20300%20200%27%3E%3Crect%20width%3D%27300%27%20height%3D%27200%27%20fill-opacity%3D%220%22%2F%3E%3C%2Fsvg%3E\" data-orig-src=\"https:\/\/demo.cicloturismo.it\/wp-content\/uploads\/2021\/03\/cycle-path-3881171_1920-300x200.jpg\" alt=\"\" width=\"300\" height=\"200\" \/><\/p>\n<p>&nbsp;<\/p>\n<p>Il comune di F\u00e9nis ha annunciato ufficiale la fine dei lavori della ciclabile di due chilometri che metter\u00e0 in comunicazione la cittadina valdostana con quella di Saint-Marcel.\u00a0 La breve pista ciclabile \u00e8 costata\u00a0 1 milione e 250 mila euro, \u00e8 stato finanziato con fondi europei per la crescita e l\u2019occupazione 2014\/20 \u2013 FESR.\u00a0 Questo tratto fa parte di un grande progetto che prevede la realizzazione di ben trenta chilometri di ciclabile, che metter\u00e0 in collegamento la cittadina di F\u00e9nis con quella di Pontey .L&#8217;obbiettivo di questa ciclabile sar\u00e0 quello di promuovere il territorio .<\/p>\n<div class=\"colonna-sharing col-sm-1 col-lg-1 padding-left-0\">\n<div class=\"condivisione-singola sticky-element-original element-is-sticky\">\n<div class=\"bottone-condivisione-floating\"><\/div>\n<div class=\"bottone-condivisione-floating\"><\/div>\n<\/div>\n<\/div>\n<div class=\"colonna-articolo col-sm-11 col-lg-11 padding-left-0\">\n<article id=\"post-192934\" class=\"post-192934 post type-post status-publish format-standard has-post-thumbnail hentry category-societa tag-pista-ciclabile localita-fenis peso-breaking-news-quarta-posizione\">\n<header class=\"entry-header\">\n<div class=\"sottotitolo\"><\/div>\n<div class=\"condivisioni-inline\">\n<div id=\"st-1\" class=\"sharethis-inline-share-buttons st-left st-lang-it  st-inline-share-buttons st-animated\">\n<div class=\"st-total \"><\/div>\n<div class=\"st-btn st-first\" data-network=\"facebook\"><img class=\"lazyload\" decoding=\"async\" src=\"data:image\/gif;base64,R0lGODlhAQABAAAAACH5BAEKAAEALAAAAAABAAEAAAICTAEAOw==\" data-orig-src=\"https:\/\/platform-cdn.sharethis.com\/img\/facebook.svg\" alt=\"facebook sharing button\" \/><\/div>\n<div class=\"st-btn\" data-network=\"twitter\"><img class=\"lazyload\" decoding=\"async\" src=\"data:image\/gif;base64,R0lGODlhAQABAAAAACH5BAEKAAEALAAAAAABAAEAAAICTAEAOw==\" data-orig-src=\"https:\/\/platform-cdn.sharethis.com\/img\/twitter.svg\" alt=\"twitter sharing button\" \/><\/div>\n<div class=\"st-btn\" data-network=\"email\"><img class=\"lazyload\" decoding=\"async\" src=\"data:image\/gif;base64,R0lGODlhAQABAAAAACH5BAEKAAEALAAAAAABAAEAAAICTAEAOw==\" data-orig-src=\"https:\/\/platform-cdn.sharethis.com\/img\/email.svg\" alt=\"email sharing button\" \/><\/div>\n<\/div>\n<\/div>\n<\/header>\n<\/article>\n<\/div>\n","protected":false},"excerpt":{"rendered":"<p>&nbsp; Il comune di F\u00e9nis ha annunciato ufficiale la fine  [&#8230;]<\/p>\n","protected":false},"author":1,"featured_media":185547,"comment_status":"open","ping_status":"open","sticky":false,"template":"","format":"standard","meta":{"footnotes":""},"categories":[8],"tags":[],"class_list":["post-185817","post","type-post","status-publish","format-standard","has-post-thumbnail","hentry","category-news"],"_links":{"self":[{"href":"https:\/\/demo.cicloturismo.it\/index.php?rest_route=\/wp\/v2\/posts\/185817","targetHints":{"allow":["GET"]}}],"collection":[{"href":"https:\/\/demo.cicloturismo.it\/index.php?rest_route=\/wp\/v2\/posts"}],"about":[{"href":"https:\/\/demo.cicloturismo.it\/index.php?rest_route=\/wp\/v2\/types\/post"}],"author":[{"embeddable":true,"href":"https:\/\/demo.cicloturismo.it\/index.php?rest_route=\/wp\/v2\/users\/1"}],"replies":[{"embeddable":true,"href":"https:\/\/demo.cicloturismo.it\/index.php?rest_route=%2Fwp%2Fv2%2Fcomments&post=185817"}],"version-history":[{"count":0,"href":"https:\/\/demo.cicloturismo.it\/index.php?rest_route=\/wp\/v2\/posts\/185817\/revisions"}],"wp:featuredmedia":[{"embeddable":true,"href":"https:\/\/demo.cicloturismo.it\/index.php?rest_route=\/"}],"wp:attachment":[{"href":"https:\/\/demo.cicloturismo.it\/index.php?rest_route=%2Fwp%2Fv2%2Fmedia&parent=185817"}],"wp:term":[{"taxonomy":"category","embeddable":true,"href":"https:\/\/demo.cicloturismo.it\/index.php?rest_route=%2Fwp%2Fv2%2Fcategories&post=185817"},{"taxonomy":"post_tag","embeddable":true,"href":"https:\/\/demo.cicloturismo.it\/index.php?rest_route=%2Fwp%2Fv2%2Ftags&post=185817"}],"curies":[{"name":"wp","href":"https:\/\/api.w.org\/{rel}","templated":true}]}}