{"id":185833,"date":"2021-03-25T16:19:04","date_gmt":"2021-03-25T14:19:04","guid":{"rendered":"https:\/\/www.cicloturismo.it\/?p=185833"},"modified":"2021-03-25T16:19:04","modified_gmt":"2021-03-25T14:19:04","slug":"furgone-delle-consegne-travolge-una-ciclista","status":"publish","type":"post","link":"https:\/\/demo.cicloturismo.it\/?p=185833","title":{"rendered":"Furgone delle consegne travolge una ciclista."},"content":{"rendered":"<p><img decoding=\"async\" class=\"lazyload alignnone size-medium wp-image-185737\" src=\"data:image\/svg+xml,%3Csvg%20xmlns%3D%27http%3A%2F%2Fwww.w3.org%2F2000%2Fsvg%27%20width%3D%27300%27%20height%3D%27225%27%20viewBox%3D%270%200%20300%20225%27%3E%3Crect%20width%3D%27300%27%20height%3D%27225%27%20fill-opacity%3D%220%22%2F%3E%3C%2Fsvg%3E\" data-orig-src=\"https:\/\/demo.cicloturismo.it\/wp-content\/uploads\/2021\/03\/ambulance-4904559_1920-300x225.jpg\" alt=\"\" width=\"300\" height=\"225\" \/><\/p>\n<p>Questa mattina nella citt\u00e0 di Brescia, una ragazza in bicicletta \u00e8 stata travolta da un furgone. La donna era in sella alla sua bicicletta quando ad un certo punto si \u00e8 scontrata con furgone delle consegne per poi cadere violentemente a terra. L&#8217; incidente stradale si \u00e8 verifica in prossimit\u00e0\u00a0 di\u00a0 Via Labirinto, nota in tutta la citt\u00e0 per i numerosi incidenti stradali . La donna \u00e8 stata immediatamente trasporta in codice rosso all&#8217;ospedale.<\/p>\n<p>&nbsp;<\/p>\n<p>&nbsp;<\/p>\n","protected":false},"excerpt":{"rendered":"<p>Questa mattina nella citt\u00e0 di Brescia, una ragazza in bicicletta  [&#8230;]<\/p>\n","protected":false},"author":1,"featured_media":185737,"comment_status":"open","ping_status":"open","sticky":false,"template":"","format":"standard","meta":{"footnotes":""},"categories":[8],"tags":[],"class_list":["post-185833","post","type-post","status-publish","format-standard","has-post-thumbnail","hentry","category-news"],"_links":{"self":[{"href":"https:\/\/demo.cicloturismo.it\/index.php?rest_route=\/wp\/v2\/posts\/185833","targetHints":{"allow":["GET"]}}],"collection":[{"href":"https:\/\/demo.cicloturismo.it\/index.php?rest_route=\/wp\/v2\/posts"}],"about":[{"href":"https:\/\/demo.cicloturismo.it\/index.php?rest_route=\/wp\/v2\/types\/post"}],"author":[{"embeddable":true,"href":"https:\/\/demo.cicloturismo.it\/index.php?rest_route=\/wp\/v2\/users\/1"}],"replies":[{"embeddable":true,"href":"https:\/\/demo.cicloturismo.it\/index.php?rest_route=%2Fwp%2Fv2%2Fcomments&post=185833"}],"version-history":[{"count":0,"href":"https:\/\/demo.cicloturismo.it\/index.php?rest_route=\/wp\/v2\/posts\/185833\/revisions"}],"wp:featuredmedia":[{"embeddable":true,"href":"https:\/\/demo.cicloturismo.it\/index.php?rest_route=\/"}],"wp:attachment":[{"href":"https:\/\/demo.cicloturismo.it\/index.php?rest_route=%2Fwp%2Fv2%2Fmedia&parent=185833"}],"wp:term":[{"taxonomy":"category","embeddable":true,"href":"https:\/\/demo.cicloturismo.it\/index.php?rest_route=%2Fwp%2Fv2%2Fcategories&post=185833"},{"taxonomy":"post_tag","embeddable":true,"href":"https:\/\/demo.cicloturismo.it\/index.php?rest_route=%2Fwp%2Fv2%2Ftags&post=185833"}],"curies":[{"name":"wp","href":"https:\/\/api.w.org\/{rel}","templated":true}]}}