{"id":185877,"date":"2021-03-29T15:32:40","date_gmt":"2021-03-29T13:32:40","guid":{"rendered":"https:\/\/www.cicloturismo.it\/?p=185877"},"modified":"2021-03-29T15:32:40","modified_gmt":"2021-03-29T13:32:40","slug":"brutto-incidente-strdale-nella-citta-di-follonica","status":"publish","type":"post","link":"https:\/\/demo.cicloturismo.it\/?p=185877","title":{"rendered":"Brutto incidente strdale nella citt\u00e0 di Follonica ."},"content":{"rendered":"<p><img decoding=\"async\" class=\"lazyload alignnone size-medium wp-image-185879\" src=\"data:image\/svg+xml,%3Csvg%20xmlns%3D%27http%3A%2F%2Fwww.w3.org%2F2000%2Fsvg%27%20width%3D%27300%27%20height%3D%27200%27%20viewBox%3D%270%200%20300%20200%27%3E%3Crect%20width%3D%27300%27%20height%3D%27200%27%20fill-opacity%3D%220%22%2F%3E%3C%2Fsvg%3E\" data-orig-src=\"https:\/\/demo.cicloturismo.it\/wp-content\/uploads\/2021\/03\/helicopter-1169969_1920-300x200.jpg\" alt=\"\" width=\"300\" height=\"200\" \/><\/p>\n<p>Quest&#8217;oggi nella citt\u00e0 toscana di Follonica si \u00e8 verificato un brutto incidente stradale che ha coinvolto una ciclista e un motociclista . L&#8217;incidente si \u00e8 verificato nei pressi della caserma dei vigili del fuoco e dell\u2019ingresso al centro commerciale cittadino. Durate l&#8217;impatto la donna in bicicletta \u00e8 caduta a terra sbattendo violentemente la testa . Sul posto sono immediatamente intervenuti i soccorritori del 118,la donna \u00e8 stata trasporta con urgenza all&#8217;ospedale della zona.<\/p>\n<p>&nbsp;<\/p>\n<p>&nbsp;<\/p>\n<p>&nbsp;<\/p>\n","protected":false},"excerpt":{"rendered":"<p>Quest&#8217;oggi nella citt\u00e0 toscana di Follonica si \u00e8 verificato un  [&#8230;]<\/p>\n","protected":false},"author":1,"featured_media":185879,"comment_status":"open","ping_status":"open","sticky":false,"template":"","format":"standard","meta":{"footnotes":""},"categories":[8],"tags":[],"class_list":["post-185877","post","type-post","status-publish","format-standard","has-post-thumbnail","hentry","category-news"],"_links":{"self":[{"href":"https:\/\/demo.cicloturismo.it\/index.php?rest_route=\/wp\/v2\/posts\/185877","targetHints":{"allow":["GET"]}}],"collection":[{"href":"https:\/\/demo.cicloturismo.it\/index.php?rest_route=\/wp\/v2\/posts"}],"about":[{"href":"https:\/\/demo.cicloturismo.it\/index.php?rest_route=\/wp\/v2\/types\/post"}],"author":[{"embeddable":true,"href":"https:\/\/demo.cicloturismo.it\/index.php?rest_route=\/wp\/v2\/users\/1"}],"replies":[{"embeddable":true,"href":"https:\/\/demo.cicloturismo.it\/index.php?rest_route=%2Fwp%2Fv2%2Fcomments&post=185877"}],"version-history":[{"count":0,"href":"https:\/\/demo.cicloturismo.it\/index.php?rest_route=\/wp\/v2\/posts\/185877\/revisions"}],"wp:featuredmedia":[{"embeddable":true,"href":"https:\/\/demo.cicloturismo.it\/index.php?rest_route=\/"}],"wp:attachment":[{"href":"https:\/\/demo.cicloturismo.it\/index.php?rest_route=%2Fwp%2Fv2%2Fmedia&parent=185877"}],"wp:term":[{"taxonomy":"category","embeddable":true,"href":"https:\/\/demo.cicloturismo.it\/index.php?rest_route=%2Fwp%2Fv2%2Fcategories&post=185877"},{"taxonomy":"post_tag","embeddable":true,"href":"https:\/\/demo.cicloturismo.it\/index.php?rest_route=%2Fwp%2Fv2%2Ftags&post=185877"}],"curies":[{"name":"wp","href":"https:\/\/api.w.org\/{rel}","templated":true}]}}