{"id":186221,"date":"2021-04-15T15:14:21","date_gmt":"2021-04-15T13:14:21","guid":{"rendered":"https:\/\/www.cicloturismo.it\/?p=186221"},"modified":"2021-04-15T15:14:21","modified_gmt":"2021-04-15T13:14:21","slug":"brutto-incidente-in-bicicletta-nel-comune-di-caselle-torinese","status":"publish","type":"post","link":"https:\/\/demo.cicloturismo.it\/?p=186221","title":{"rendered":"Brutto incidente in bicicletta nel comune di Caselle Torinese."},"content":{"rendered":"<p><img decoding=\"async\" class=\"lazyload alignnone size-medium wp-image-185801\" src=\"data:image\/svg+xml,%3Csvg%20xmlns%3D%27http%3A%2F%2Fwww.w3.org%2F2000%2Fsvg%27%20width%3D%27300%27%20height%3D%27197%27%20viewBox%3D%270%200%20300%20197%27%3E%3Crect%20width%3D%27300%27%20height%3D%27197%27%20fill-opacity%3D%220%22%2F%3E%3C%2Fsvg%3E\" data-orig-src=\"https:\/\/demo.cicloturismo.it\/wp-content\/uploads\/2021\/03\/ambulance-2901017_1920-300x197.jpg\" alt=\"\" width=\"300\" height=\"197\" \/><\/p>\n<p>Questa mattina nel comune di Caselle Torinese si \u00e8 verificato un brutto incidente stradale , un ciclista a perso il controllo della sua bicicletta ed \u00e8 caduto rovinosamente a terra, sbattendo con violenza la testa sull&#8217;asfalto. L&#8217; incidente si \u00e8 verificato nei pressi della via Alle Fabbriche, gli amici che erano con lui hanno immediatamente chiamato il 118 .Menomale che il ciclista indossava il casco protettivo , seno le conseguenze della caduta sarebbero state molto gravi . L&#8217;uomo \u00e8 stato trasportato in codice rosso all&#8217;ospedale , ha riportato un trauma cranico e una contusione polmonare .<\/p>\n<p>&nbsp;<\/p>\n<p>&nbsp;<\/p>\n","protected":false},"excerpt":{"rendered":"<p>Questa mattina nel comune di Caselle Torinese si \u00e8 verificato  [&#8230;]<\/p>\n","protected":false},"author":1,"featured_media":185801,"comment_status":"open","ping_status":"open","sticky":false,"template":"","format":"standard","meta":{"footnotes":""},"categories":[8],"tags":[],"class_list":["post-186221","post","type-post","status-publish","format-standard","has-post-thumbnail","hentry","category-news"],"_links":{"self":[{"href":"https:\/\/demo.cicloturismo.it\/index.php?rest_route=\/wp\/v2\/posts\/186221","targetHints":{"allow":["GET"]}}],"collection":[{"href":"https:\/\/demo.cicloturismo.it\/index.php?rest_route=\/wp\/v2\/posts"}],"about":[{"href":"https:\/\/demo.cicloturismo.it\/index.php?rest_route=\/wp\/v2\/types\/post"}],"author":[{"embeddable":true,"href":"https:\/\/demo.cicloturismo.it\/index.php?rest_route=\/wp\/v2\/users\/1"}],"replies":[{"embeddable":true,"href":"https:\/\/demo.cicloturismo.it\/index.php?rest_route=%2Fwp%2Fv2%2Fcomments&post=186221"}],"version-history":[{"count":0,"href":"https:\/\/demo.cicloturismo.it\/index.php?rest_route=\/wp\/v2\/posts\/186221\/revisions"}],"wp:featuredmedia":[{"embeddable":true,"href":"https:\/\/demo.cicloturismo.it\/index.php?rest_route=\/"}],"wp:attachment":[{"href":"https:\/\/demo.cicloturismo.it\/index.php?rest_route=%2Fwp%2Fv2%2Fmedia&parent=186221"}],"wp:term":[{"taxonomy":"category","embeddable":true,"href":"https:\/\/demo.cicloturismo.it\/index.php?rest_route=%2Fwp%2Fv2%2Fcategories&post=186221"},{"taxonomy":"post_tag","embeddable":true,"href":"https:\/\/demo.cicloturismo.it\/index.php?rest_route=%2Fwp%2Fv2%2Ftags&post=186221"}],"curies":[{"name":"wp","href":"https:\/\/api.w.org\/{rel}","templated":true}]}}