{"id":186224,"date":"2021-04-15T19:17:37","date_gmt":"2021-04-15T17:17:37","guid":{"rendered":"https:\/\/www.cicloturismo.it\/?p=186224"},"modified":"2021-04-15T19:17:37","modified_gmt":"2021-04-15T17:17:37","slug":"vaccinarsi-in-biciclett","status":"publish","type":"post","link":"https:\/\/demo.cicloturismo.it\/?p=186224","title":{"rendered":"Vaccinarsi in bicicletta."},"content":{"rendered":"<p><img decoding=\"async\" class=\"lazyload alignnone size-medium wp-image-186225\" src=\"data:image\/svg+xml,%3Csvg%20xmlns%3D%27http%3A%2F%2Fwww.w3.org%2F2000%2Fsvg%27%20width%3D%27300%27%20height%3D%27169%27%20viewBox%3D%270%200%20300%20169%27%3E%3Crect%20width%3D%27300%27%20height%3D%27169%27%20fill-opacity%3D%220%22%2F%3E%3C%2Fsvg%3E\" data-orig-src=\"https:\/\/demo.cicloturismo.it\/wp-content\/uploads\/2021\/04\/vaccine-6164686_1280-300x169.jpg\" alt=\"\" width=\"300\" height=\"169\" \/><\/p>\n<p>La scorsa settimana\u00a0 nella\u00a0 citt\u00e0 di Bologna\u00a0 \u00e8\u00a0 stato inaugurato\u00a0 un maxi hub vaccinale all&#8217;interno\u00a0 della Fiera , all&#8217;esterno\u00a0 \u00e8\u00a0 stato\u00a0 creato\u00a0 il servizio &#8220;<strong>bike through<\/strong>\u201d cio\u00e8 si potr\u00e0 andare in bicicletta a fare il vaccino . Per ora questa modalit\u00e0\u00a0 di somministrazione\u00a0 \u00e8\u00a0 \u00a0attiva\u00a0 solo per le persone vulnerabili.\u00a0 Questa\u00a0 iniziativa \u00e8\u00a0 stata molto\u00a0 apprezzata\u00a0 dal Commissario all\u2019Emergenza Paolo Figliuolo &#8221; <strong>Ho visto in questo centro vaccinale una bella sinergia tra il pubblico, la Regione, il Comune e l\u2019ente Fiere. Devo ringraziare veramente i medici, infermieri, operatori socio sanitari volontari e tutti quelli che si stanno adoperando anche con inventiva&#8221;.<\/strong><\/p>\n<p>&nbsp;<\/p>\n","protected":false},"excerpt":{"rendered":"<p>La scorsa settimana\u00a0 nella\u00a0 citt\u00e0 di Bologna\u00a0 \u00e8\u00a0 stato inaugurato\u00a0  [&#8230;]<\/p>\n","protected":false},"author":1,"featured_media":186225,"comment_status":"open","ping_status":"open","sticky":false,"template":"","format":"standard","meta":{"footnotes":""},"categories":[8],"tags":[],"class_list":["post-186224","post","type-post","status-publish","format-standard","has-post-thumbnail","hentry","category-news"],"_links":{"self":[{"href":"https:\/\/demo.cicloturismo.it\/index.php?rest_route=\/wp\/v2\/posts\/186224","targetHints":{"allow":["GET"]}}],"collection":[{"href":"https:\/\/demo.cicloturismo.it\/index.php?rest_route=\/wp\/v2\/posts"}],"about":[{"href":"https:\/\/demo.cicloturismo.it\/index.php?rest_route=\/wp\/v2\/types\/post"}],"author":[{"embeddable":true,"href":"https:\/\/demo.cicloturismo.it\/index.php?rest_route=\/wp\/v2\/users\/1"}],"replies":[{"embeddable":true,"href":"https:\/\/demo.cicloturismo.it\/index.php?rest_route=%2Fwp%2Fv2%2Fcomments&post=186224"}],"version-history":[{"count":0,"href":"https:\/\/demo.cicloturismo.it\/index.php?rest_route=\/wp\/v2\/posts\/186224\/revisions"}],"wp:featuredmedia":[{"embeddable":true,"href":"https:\/\/demo.cicloturismo.it\/index.php?rest_route=\/"}],"wp:attachment":[{"href":"https:\/\/demo.cicloturismo.it\/index.php?rest_route=%2Fwp%2Fv2%2Fmedia&parent=186224"}],"wp:term":[{"taxonomy":"category","embeddable":true,"href":"https:\/\/demo.cicloturismo.it\/index.php?rest_route=%2Fwp%2Fv2%2Fcategories&post=186224"},{"taxonomy":"post_tag","embeddable":true,"href":"https:\/\/demo.cicloturismo.it\/index.php?rest_route=%2Fwp%2Fv2%2Ftags&post=186224"}],"curies":[{"name":"wp","href":"https:\/\/api.w.org\/{rel}","templated":true}]}}