{"id":186315,"date":"2021-04-19T15:12:49","date_gmt":"2021-04-19T13:12:49","guid":{"rendered":"https:\/\/www.cicloturismo.it\/?p=186315"},"modified":"2021-04-19T15:12:49","modified_gmt":"2021-04-19T13:12:49","slug":"grave-incidente-stradale-nel-comune-di-corsico","status":"publish","type":"post","link":"https:\/\/demo.cicloturismo.it\/?p=186315","title":{"rendered":"Grave incidente stradale nel comune di Corsico."},"content":{"rendered":"<p><img decoding=\"async\" class=\"lazyload alignnone size-medium wp-image-186316\" src=\"data:image\/svg+xml,%3Csvg%20xmlns%3D%27http%3A%2F%2Fwww.w3.org%2F2000%2Fsvg%27%20width%3D%27300%27%20height%3D%27201%27%20viewBox%3D%270%200%20300%20201%27%3E%3Crect%20width%3D%27300%27%20height%3D%27201%27%20fill-opacity%3D%220%22%2F%3E%3C%2Fsvg%3E\" data-orig-src=\"https:\/\/demo.cicloturismo.it\/wp-content\/uploads\/2021\/04\/firefighter-3427768_1280-300x201.jpg\" alt=\"\" width=\"300\" height=\"201\" \/><\/p>\n<p>Questo fine settimana nella cittadina lombarda di Corsico , si \u00e8 verificato un brutto incidente stradale che ha coinvolto una giovane ciclista e un motociclista . L&#8217;incidete si \u00e8 verificato nella via cittadina di Vittorio, l&#8217;impatto con la moto \u00e8 stato violentissimo . La donna in bicicletta ha riportato delle ferite troppi gravi , purtroppo non c&#8217;\u00e8 la fatta . Secondo la prima ricostruzione della polizia , l&#8217;uomo in moto stava\u00a0 procedendo a velocit\u00e0 folle lungo la\u00a0 via della citt\u00e0\u00a0 ,la donna in bicicletta stava uscendo dal\u00a0 parcheggio di fronte alla chiesa,quando \u00e8 stata travolta dalla moto.<\/p>\n","protected":false},"excerpt":{"rendered":"<p>Questo fine settimana nella cittadina lombarda di Corsico , si  [&#8230;]<\/p>\n","protected":false},"author":1,"featured_media":186316,"comment_status":"open","ping_status":"open","sticky":false,"template":"","format":"standard","meta":{"footnotes":""},"categories":[8],"tags":[],"class_list":["post-186315","post","type-post","status-publish","format-standard","has-post-thumbnail","hentry","category-news"],"_links":{"self":[{"href":"https:\/\/demo.cicloturismo.it\/index.php?rest_route=\/wp\/v2\/posts\/186315","targetHints":{"allow":["GET"]}}],"collection":[{"href":"https:\/\/demo.cicloturismo.it\/index.php?rest_route=\/wp\/v2\/posts"}],"about":[{"href":"https:\/\/demo.cicloturismo.it\/index.php?rest_route=\/wp\/v2\/types\/post"}],"author":[{"embeddable":true,"href":"https:\/\/demo.cicloturismo.it\/index.php?rest_route=\/wp\/v2\/users\/1"}],"replies":[{"embeddable":true,"href":"https:\/\/demo.cicloturismo.it\/index.php?rest_route=%2Fwp%2Fv2%2Fcomments&post=186315"}],"version-history":[{"count":0,"href":"https:\/\/demo.cicloturismo.it\/index.php?rest_route=\/wp\/v2\/posts\/186315\/revisions"}],"wp:featuredmedia":[{"embeddable":true,"href":"https:\/\/demo.cicloturismo.it\/index.php?rest_route=\/"}],"wp:attachment":[{"href":"https:\/\/demo.cicloturismo.it\/index.php?rest_route=%2Fwp%2Fv2%2Fmedia&parent=186315"}],"wp:term":[{"taxonomy":"category","embeddable":true,"href":"https:\/\/demo.cicloturismo.it\/index.php?rest_route=%2Fwp%2Fv2%2Fcategories&post=186315"},{"taxonomy":"post_tag","embeddable":true,"href":"https:\/\/demo.cicloturismo.it\/index.php?rest_route=%2Fwp%2Fv2%2Ftags&post=186315"}],"curies":[{"name":"wp","href":"https:\/\/api.w.org\/{rel}","templated":true}]}}