{"id":186344,"date":"2021-04-21T15:13:39","date_gmt":"2021-04-21T13:13:39","guid":{"rendered":"https:\/\/www.cicloturismo.it\/?p=186344"},"modified":"2021-04-21T15:13:39","modified_gmt":"2021-04-21T13:13:39","slug":"la-granfondo-laigueglia-si-correra-nel-mese-di-maggio","status":"publish","type":"post","link":"https:\/\/demo.cicloturismo.it\/?p=186344","title":{"rendered":"La Granfondo Laigueglia si correr\u00e0 nel mese di maggio ."},"content":{"rendered":"<p><img decoding=\"async\" src=\"data:image\/svg+xml,%3Csvg%20xmlns%3D%27http%3A%2F%2Fwww.w3.org%2F2000%2Fsvg%27%20width%3D%27300%27%20height%3D%27200%27%20viewBox%3D%270%200%20300%20200%27%3E%3Crect%20width%3D%27300%27%20height%3D%27200%27%20fill-opacity%3D%220%22%2F%3E%3C%2Fsvg%3E\" data-orig-src=\"https:\/\/demo.cicloturismo.it\/wp-content\/uploads\/2021\/04\/road-bikes-1562929_1280-300x200.jpg\" alt=\"\" width=\"300\" height=\"200\" class=\"lazyload alignnone size-medium wp-image-186339\" \/><br \/>\nQuest&#8217;oggi gli organizzatori della Granfondo Laigueglia hanno annunciato ufficialmente che l&#8217;evento ciclistico pi\u00f9 atteso dai ciclisti amatoriali si far\u00e0 il prossimo 23 maggio. Il patron della gara ha dichiara , che &#8220;Sono convinto che la Laigueglia-Lapierre si correr\u00e0 il 23 maggio e, come sempre, sar\u00e0 una grande festa\u201d.<\/p>\n","protected":false},"excerpt":{"rendered":"<p>Quest&#8217;oggi gli organizzatori della Granfondo Laigueglia hanno annunciato ufficialmente che  [&#8230;]<\/p>\n","protected":false},"author":1,"featured_media":186339,"comment_status":"open","ping_status":"open","sticky":false,"template":"","format":"standard","meta":{"footnotes":""},"categories":[8],"tags":[],"class_list":["post-186344","post","type-post","status-publish","format-standard","has-post-thumbnail","hentry","category-news"],"_links":{"self":[{"href":"https:\/\/demo.cicloturismo.it\/index.php?rest_route=\/wp\/v2\/posts\/186344","targetHints":{"allow":["GET"]}}],"collection":[{"href":"https:\/\/demo.cicloturismo.it\/index.php?rest_route=\/wp\/v2\/posts"}],"about":[{"href":"https:\/\/demo.cicloturismo.it\/index.php?rest_route=\/wp\/v2\/types\/post"}],"author":[{"embeddable":true,"href":"https:\/\/demo.cicloturismo.it\/index.php?rest_route=\/wp\/v2\/users\/1"}],"replies":[{"embeddable":true,"href":"https:\/\/demo.cicloturismo.it\/index.php?rest_route=%2Fwp%2Fv2%2Fcomments&post=186344"}],"version-history":[{"count":0,"href":"https:\/\/demo.cicloturismo.it\/index.php?rest_route=\/wp\/v2\/posts\/186344\/revisions"}],"wp:featuredmedia":[{"embeddable":true,"href":"https:\/\/demo.cicloturismo.it\/index.php?rest_route=\/"}],"wp:attachment":[{"href":"https:\/\/demo.cicloturismo.it\/index.php?rest_route=%2Fwp%2Fv2%2Fmedia&parent=186344"}],"wp:term":[{"taxonomy":"category","embeddable":true,"href":"https:\/\/demo.cicloturismo.it\/index.php?rest_route=%2Fwp%2Fv2%2Fcategories&post=186344"},{"taxonomy":"post_tag","embeddable":true,"href":"https:\/\/demo.cicloturismo.it\/index.php?rest_route=%2Fwp%2Fv2%2Ftags&post=186344"}],"curies":[{"name":"wp","href":"https:\/\/api.w.org\/{rel}","templated":true}]}}