{"id":186378,"date":"2021-04-23T14:53:41","date_gmt":"2021-04-23T12:53:41","guid":{"rendered":"https:\/\/www.cicloturismo.it\/?p=186378"},"modified":"2021-04-23T14:53:41","modified_gmt":"2021-04-23T12:53:41","slug":"nuova-ciclabile-nel-comune-di-mantova","status":"publish","type":"post","link":"https:\/\/demo.cicloturismo.it\/?p=186378","title":{"rendered":"Nuova ciclabile nel comune di Mantova ."},"content":{"rendered":"<p><img decoding=\"async\" src=\"data:image\/svg+xml,%3Csvg%20xmlns%3D%27http%3A%2F%2Fwww.w3.org%2F2000%2Fsvg%27%20width%3D%27300%27%20height%3D%27201%27%20viewBox%3D%270%200%20300%20201%27%3E%3Crect%20width%3D%27300%27%20height%3D%27201%27%20fill-opacity%3D%220%22%2F%3E%3C%2Fsvg%3E\" data-orig-src=\"https:\/\/demo.cicloturismo.it\/wp-content\/uploads\/2021\/04\/bike-1687088_1280-300x201.jpg\" alt=\"\" width=\"300\" height=\"201\" class=\"lazyload alignnone size-medium wp-image-186103\" \/><br \/>\nLa prossima settimana nella citt\u00e0 di Mantova partiranno i lavori per la  realizzazione del primo tratto della nuova ciclabile che metter\u00e0 in comunicazione  Borgochiesanuova e Dosso del Corso con la ciclabile gi\u00e0 esistente  del Cavalcavia. Il progetto prevede  l&#8217;istallazione di una ringhiera in metallo sul lato verso strada dove verr\u00e0 fissata a protezione , la carreggiata della ciclabile sar\u00e0 larga 2,50 metri . Nei pressi dell&#8217;incrocio con via Chiesanuova, sar\u00e0 realizzato un nuovo impianto semaforico di attraversamento dedicato ai ciclisti  , in quando la ciclabile proseguir\u00e0 sul lato opposto di Via  Dosso del Corso. La ciclabile avr\u00e0 un costo di 800mila euro .<\/p>\n","protected":false},"excerpt":{"rendered":"<p>La prossima settimana nella citt\u00e0 di Mantova partiranno i lavori  [&#8230;]<\/p>\n","protected":false},"author":1,"featured_media":186103,"comment_status":"open","ping_status":"open","sticky":false,"template":"","format":"standard","meta":{"footnotes":""},"categories":[8],"tags":[],"class_list":["post-186378","post","type-post","status-publish","format-standard","has-post-thumbnail","hentry","category-news"],"_links":{"self":[{"href":"https:\/\/demo.cicloturismo.it\/index.php?rest_route=\/wp\/v2\/posts\/186378","targetHints":{"allow":["GET"]}}],"collection":[{"href":"https:\/\/demo.cicloturismo.it\/index.php?rest_route=\/wp\/v2\/posts"}],"about":[{"href":"https:\/\/demo.cicloturismo.it\/index.php?rest_route=\/wp\/v2\/types\/post"}],"author":[{"embeddable":true,"href":"https:\/\/demo.cicloturismo.it\/index.php?rest_route=\/wp\/v2\/users\/1"}],"replies":[{"embeddable":true,"href":"https:\/\/demo.cicloturismo.it\/index.php?rest_route=%2Fwp%2Fv2%2Fcomments&post=186378"}],"version-history":[{"count":0,"href":"https:\/\/demo.cicloturismo.it\/index.php?rest_route=\/wp\/v2\/posts\/186378\/revisions"}],"wp:featuredmedia":[{"embeddable":true,"href":"https:\/\/demo.cicloturismo.it\/index.php?rest_route=\/"}],"wp:attachment":[{"href":"https:\/\/demo.cicloturismo.it\/index.php?rest_route=%2Fwp%2Fv2%2Fmedia&parent=186378"}],"wp:term":[{"taxonomy":"category","embeddable":true,"href":"https:\/\/demo.cicloturismo.it\/index.php?rest_route=%2Fwp%2Fv2%2Fcategories&post=186378"},{"taxonomy":"post_tag","embeddable":true,"href":"https:\/\/demo.cicloturismo.it\/index.php?rest_route=%2Fwp%2Fv2%2Ftags&post=186378"}],"curies":[{"name":"wp","href":"https:\/\/api.w.org\/{rel}","templated":true}]}}