{"id":186492,"date":"2021-05-02T15:10:22","date_gmt":"2021-05-02T13:10:22","guid":{"rendered":"https:\/\/www.cicloturismo.it\/?p=186492"},"modified":"2021-05-02T15:10:22","modified_gmt":"2021-05-02T13:10:22","slug":"scontro-auto-bici-ferito-ciclista","status":"publish","type":"post","link":"https:\/\/demo.cicloturismo.it\/?p=186492","title":{"rendered":"Scontro auto-bici: ferito ciclista."},"content":{"rendered":"<p><img decoding=\"async\" class=\"lazyload alignnone size-medium wp-image-186493\" src=\"data:image\/svg+xml,%3Csvg%20xmlns%3D%27http%3A%2F%2Fwww.w3.org%2F2000%2Fsvg%27%20width%3D%27300%27%20height%3D%27200%27%20viewBox%3D%270%200%20300%20200%27%3E%3Crect%20width%3D%27300%27%20height%3D%27200%27%20fill-opacity%3D%220%22%2F%3E%3C%2Fsvg%3E\" data-orig-src=\"https:\/\/demo.cicloturismo.it\/wp-content\/uploads\/2021\/05\/emergency-780313_1280-300x200.jpg\" alt=\"\" width=\"300\" height=\"200\" \/><\/p>\n<p>Questa mattina nella citt\u00e0 costiera di Diano Marina si \u00e8 verificato un brutto incidente stradale che ha coinvolto un automobilista e un ciclista ,il sinistro si \u00e8 verificato nei pressi dell&#8217;incrocio che porta alle &#8216;quattro strade&#8217;. Sul posto sono immediatamente intervenuti i soccorritori del 118 , il ciclista ha riportato solo lievi contusioni ed \u00e8 stato trasportato in codice giallo all&#8217;ospedale di Imperia. Sul posto sono anche intervenuti i carabinieri della zona per effettuare i rilievi del caso ,per stabile l&#8217;esatta dinamica del sinistro .<\/p>\n<p>&nbsp;<\/p>\n<p>&nbsp;<\/p>\n<p>&nbsp;<\/p>\n","protected":false},"excerpt":{"rendered":"<p>Questa mattina nella citt\u00e0 costiera di Diano Marina si \u00e8  [&#8230;]<\/p>\n","protected":false},"author":1,"featured_media":186493,"comment_status":"open","ping_status":"open","sticky":false,"template":"","format":"standard","meta":{"footnotes":""},"categories":[8],"tags":[],"class_list":["post-186492","post","type-post","status-publish","format-standard","has-post-thumbnail","hentry","category-news"],"_links":{"self":[{"href":"https:\/\/demo.cicloturismo.it\/index.php?rest_route=\/wp\/v2\/posts\/186492","targetHints":{"allow":["GET"]}}],"collection":[{"href":"https:\/\/demo.cicloturismo.it\/index.php?rest_route=\/wp\/v2\/posts"}],"about":[{"href":"https:\/\/demo.cicloturismo.it\/index.php?rest_route=\/wp\/v2\/types\/post"}],"author":[{"embeddable":true,"href":"https:\/\/demo.cicloturismo.it\/index.php?rest_route=\/wp\/v2\/users\/1"}],"replies":[{"embeddable":true,"href":"https:\/\/demo.cicloturismo.it\/index.php?rest_route=%2Fwp%2Fv2%2Fcomments&post=186492"}],"version-history":[{"count":0,"href":"https:\/\/demo.cicloturismo.it\/index.php?rest_route=\/wp\/v2\/posts\/186492\/revisions"}],"wp:featuredmedia":[{"embeddable":true,"href":"https:\/\/demo.cicloturismo.it\/index.php?rest_route=\/"}],"wp:attachment":[{"href":"https:\/\/demo.cicloturismo.it\/index.php?rest_route=%2Fwp%2Fv2%2Fmedia&parent=186492"}],"wp:term":[{"taxonomy":"category","embeddable":true,"href":"https:\/\/demo.cicloturismo.it\/index.php?rest_route=%2Fwp%2Fv2%2Fcategories&post=186492"},{"taxonomy":"post_tag","embeddable":true,"href":"https:\/\/demo.cicloturismo.it\/index.php?rest_route=%2Fwp%2Fv2%2Ftags&post=186492"}],"curies":[{"name":"wp","href":"https:\/\/api.w.org\/{rel}","templated":true}]}}