{"id":186649,"date":"2021-05-10T15:38:50","date_gmt":"2021-05-10T13:38:50","guid":{"rendered":"https:\/\/www.cicloturismo.it\/?p=186649"},"modified":"2021-05-10T15:38:50","modified_gmt":"2021-05-10T13:38:50","slug":"scontro-tra-minicar-e-bicicletta","status":"publish","type":"post","link":"https:\/\/demo.cicloturismo.it\/?p=186649","title":{"rendered":"Scontro tra minicar e bicicletta ."},"content":{"rendered":"<p><img decoding=\"async\" class=\"lazyload alignnone size-medium wp-image-186573\" src=\"data:image\/svg+xml,%3Csvg%20xmlns%3D%27http%3A%2F%2Fwww.w3.org%2F2000%2Fsvg%27%20width%3D%27300%27%20height%3D%27213%27%20viewBox%3D%270%200%20300%20213%27%3E%3Crect%20width%3D%27300%27%20height%3D%27213%27%20fill-opacity%3D%220%22%2F%3E%3C%2Fsvg%3E\" data-orig-src=\"https:\/\/demo.cicloturismo.it\/wp-content\/uploads\/2021\/05\/helicopter-5239865_1280-300x213.jpg\" alt=\"\" width=\"300\" height=\"213\" \/><\/p>\n<p>Ieri pomeriggio nella citt\u00e0 siciliana di Palermo si \u00e8 verificato un brutto incidente stradale che ha coinvolto una minicar e una bicicletta .\u00a0 Nel violento impatto , il ciclista \u00e8 stato violentemente buttato a terra riportando gravi traumi fisici . Invece la Minicar si \u00e8 ribaltata, il guidatore \u00e8 rimasto incastrato tra le lamiere\u00a0 . Il ciclista \u00e8 stato immediatamente trasporto in codice rosso all&#8217;ospedale di\u00a0 Villa Sofia . Mentre il guidatore se le cavata solo con qualche graffio. Sul posto sono intervenuti anche gli agenti di polizza per effettuare i primi rilievi del caso .<\/p>\n<p>&nbsp;<\/p>\n<address>\u00a0<\/address>\n","protected":false},"excerpt":{"rendered":"<p>Ieri pomeriggio nella citt\u00e0 siciliana di Palermo si \u00e8 verificato  [&#8230;]<\/p>\n","protected":false},"author":1,"featured_media":186573,"comment_status":"open","ping_status":"open","sticky":false,"template":"","format":"standard","meta":{"footnotes":""},"categories":[8],"tags":[],"class_list":["post-186649","post","type-post","status-publish","format-standard","has-post-thumbnail","hentry","category-news"],"_links":{"self":[{"href":"https:\/\/demo.cicloturismo.it\/index.php?rest_route=\/wp\/v2\/posts\/186649","targetHints":{"allow":["GET"]}}],"collection":[{"href":"https:\/\/demo.cicloturismo.it\/index.php?rest_route=\/wp\/v2\/posts"}],"about":[{"href":"https:\/\/demo.cicloturismo.it\/index.php?rest_route=\/wp\/v2\/types\/post"}],"author":[{"embeddable":true,"href":"https:\/\/demo.cicloturismo.it\/index.php?rest_route=\/wp\/v2\/users\/1"}],"replies":[{"embeddable":true,"href":"https:\/\/demo.cicloturismo.it\/index.php?rest_route=%2Fwp%2Fv2%2Fcomments&post=186649"}],"version-history":[{"count":0,"href":"https:\/\/demo.cicloturismo.it\/index.php?rest_route=\/wp\/v2\/posts\/186649\/revisions"}],"wp:featuredmedia":[{"embeddable":true,"href":"https:\/\/demo.cicloturismo.it\/index.php?rest_route=\/"}],"wp:attachment":[{"href":"https:\/\/demo.cicloturismo.it\/index.php?rest_route=%2Fwp%2Fv2%2Fmedia&parent=186649"}],"wp:term":[{"taxonomy":"category","embeddable":true,"href":"https:\/\/demo.cicloturismo.it\/index.php?rest_route=%2Fwp%2Fv2%2Fcategories&post=186649"},{"taxonomy":"post_tag","embeddable":true,"href":"https:\/\/demo.cicloturismo.it\/index.php?rest_route=%2Fwp%2Fv2%2Ftags&post=186649"}],"curies":[{"name":"wp","href":"https:\/\/api.w.org\/{rel}","templated":true}]}}