{"id":186700,"date":"2021-05-12T15:15:29","date_gmt":"2021-05-12T13:15:29","guid":{"rendered":"https:\/\/www.cicloturismo.it\/?p=186700"},"modified":"2021-05-12T15:15:29","modified_gmt":"2021-05-12T13:15:29","slug":"crollo-improvviso-della-ciclabile-cittadina-nella-citta-di-lucca","status":"publish","type":"post","link":"https:\/\/demo.cicloturismo.it\/?p=186700","title":{"rendered":"Crollo improvviso della ciclabile cittadina nella citt\u00e0 di Lucca ."},"content":{"rendered":"<p><img decoding=\"async\" class=\"lazyload alignnone size-medium wp-image-186647\" src=\"data:image\/svg+xml,%3Csvg%20xmlns%3D%27http%3A%2F%2Fwww.w3.org%2F2000%2Fsvg%27%20width%3D%27300%27%20height%3D%27200%27%20viewBox%3D%270%200%20300%20200%27%3E%3Crect%20width%3D%27300%27%20height%3D%27200%27%20fill-opacity%3D%220%22%2F%3E%3C%2Fsvg%3E\" data-orig-src=\"https:\/\/demo.cicloturismo.it\/wp-content\/uploads\/2021\/05\/cycle-path-3881171_1280-300x200.jpg\" alt=\"\" width=\"300\" height=\"200\" \/><\/p>\n<p>Nella giornata di ieri nella citt\u00e0 di Lucca , si \u00e8 verificato un crollo improvviso della ciclabile di Viale San Concordio , per motivi di sicurezza \u00e8 stato transennato dai vigili urbani anche il tratto da\u00a0 via Guidiccioni a via Savonarola.Il crollo improvviso della carreggiata non ha coinvolto nessun ciclista . Da un primo\u00a0 esame dei tecnici \u00e8 emerso che il cedimento della strada \u00e8 stato causato dalla\u00a0 rottura della soletta di copertura del fosso che si trova al di sotto della pista .<\/p>\n<p>&nbsp;<\/p>\n<p>&nbsp;<\/p>\n","protected":false},"excerpt":{"rendered":"<p>Nella giornata di ieri nella citt\u00e0 di Lucca , si  [&#8230;]<\/p>\n","protected":false},"author":1,"featured_media":186647,"comment_status":"open","ping_status":"open","sticky":false,"template":"","format":"standard","meta":{"footnotes":""},"categories":[8],"tags":[],"class_list":["post-186700","post","type-post","status-publish","format-standard","has-post-thumbnail","hentry","category-news"],"_links":{"self":[{"href":"https:\/\/demo.cicloturismo.it\/index.php?rest_route=\/wp\/v2\/posts\/186700","targetHints":{"allow":["GET"]}}],"collection":[{"href":"https:\/\/demo.cicloturismo.it\/index.php?rest_route=\/wp\/v2\/posts"}],"about":[{"href":"https:\/\/demo.cicloturismo.it\/index.php?rest_route=\/wp\/v2\/types\/post"}],"author":[{"embeddable":true,"href":"https:\/\/demo.cicloturismo.it\/index.php?rest_route=\/wp\/v2\/users\/1"}],"replies":[{"embeddable":true,"href":"https:\/\/demo.cicloturismo.it\/index.php?rest_route=%2Fwp%2Fv2%2Fcomments&post=186700"}],"version-history":[{"count":0,"href":"https:\/\/demo.cicloturismo.it\/index.php?rest_route=\/wp\/v2\/posts\/186700\/revisions"}],"wp:featuredmedia":[{"embeddable":true,"href":"https:\/\/demo.cicloturismo.it\/index.php?rest_route=\/"}],"wp:attachment":[{"href":"https:\/\/demo.cicloturismo.it\/index.php?rest_route=%2Fwp%2Fv2%2Fmedia&parent=186700"}],"wp:term":[{"taxonomy":"category","embeddable":true,"href":"https:\/\/demo.cicloturismo.it\/index.php?rest_route=%2Fwp%2Fv2%2Fcategories&post=186700"},{"taxonomy":"post_tag","embeddable":true,"href":"https:\/\/demo.cicloturismo.it\/index.php?rest_route=%2Fwp%2Fv2%2Ftags&post=186700"}],"curies":[{"name":"wp","href":"https:\/\/api.w.org\/{rel}","templated":true}]}}