{"id":186819,"date":"2021-05-19T15:25:03","date_gmt":"2021-05-19T13:25:03","guid":{"rendered":"https:\/\/www.cicloturismo.it\/?p=186819"},"modified":"2021-05-19T15:25:03","modified_gmt":"2021-05-19T13:25:03","slug":"biella-scontro-auto-bici","status":"publish","type":"post","link":"https:\/\/demo.cicloturismo.it\/?p=186819","title":{"rendered":"Biella, scontro Auto -Bici ."},"content":{"rendered":"<p><img decoding=\"async\" src=\"data:image\/svg+xml,%3Csvg%20xmlns%3D%27http%3A%2F%2Fwww.w3.org%2F2000%2Fsvg%27%20width%3D%27300%27%20height%3D%27197%27%20viewBox%3D%270%200%20300%20197%27%3E%3Crect%20width%3D%27300%27%20height%3D%27197%27%20fill-opacity%3D%220%22%2F%3E%3C%2Fsvg%3E\" data-orig-src=\"https:\/\/demo.cicloturismo.it\/wp-content\/uploads\/2021\/03\/ambulance-2901017_1920-300x197.jpg\" alt=\"\" width=\"300\" height=\"197\" class=\"lazyload alignnone size-medium wp-image-185801\" \/><\/p>\n<p>Questa mattina nella citt\u00e0 di Biella si \u00e8 verificato un brutto incidente stradale che ha coinvolto un ciclo amatore di 70 anni e un&#8217;auto guidata  da una donna. L&#8217;incidente si \u00e8 verificato in via Pettinengo,A seguito del forte impatto il ciclista  \u00e8 caduto a terra, quindi si \u00e8 reso necessario il trasporto in codice giallo all&#8217;ospedale della zona.<\/p>\n","protected":false},"excerpt":{"rendered":"<p>Questa mattina nella citt\u00e0 di Biella si \u00e8 verificato un  [&#8230;]<\/p>\n","protected":false},"author":1,"featured_media":185801,"comment_status":"open","ping_status":"open","sticky":false,"template":"","format":"standard","meta":{"footnotes":""},"categories":[8],"tags":[],"class_list":["post-186819","post","type-post","status-publish","format-standard","has-post-thumbnail","hentry","category-news"],"_links":{"self":[{"href":"https:\/\/demo.cicloturismo.it\/index.php?rest_route=\/wp\/v2\/posts\/186819","targetHints":{"allow":["GET"]}}],"collection":[{"href":"https:\/\/demo.cicloturismo.it\/index.php?rest_route=\/wp\/v2\/posts"}],"about":[{"href":"https:\/\/demo.cicloturismo.it\/index.php?rest_route=\/wp\/v2\/types\/post"}],"author":[{"embeddable":true,"href":"https:\/\/demo.cicloturismo.it\/index.php?rest_route=\/wp\/v2\/users\/1"}],"replies":[{"embeddable":true,"href":"https:\/\/demo.cicloturismo.it\/index.php?rest_route=%2Fwp%2Fv2%2Fcomments&post=186819"}],"version-history":[{"count":0,"href":"https:\/\/demo.cicloturismo.it\/index.php?rest_route=\/wp\/v2\/posts\/186819\/revisions"}],"wp:featuredmedia":[{"embeddable":true,"href":"https:\/\/demo.cicloturismo.it\/index.php?rest_route=\/"}],"wp:attachment":[{"href":"https:\/\/demo.cicloturismo.it\/index.php?rest_route=%2Fwp%2Fv2%2Fmedia&parent=186819"}],"wp:term":[{"taxonomy":"category","embeddable":true,"href":"https:\/\/demo.cicloturismo.it\/index.php?rest_route=%2Fwp%2Fv2%2Fcategories&post=186819"},{"taxonomy":"post_tag","embeddable":true,"href":"https:\/\/demo.cicloturismo.it\/index.php?rest_route=%2Fwp%2Fv2%2Ftags&post=186819"}],"curies":[{"name":"wp","href":"https:\/\/api.w.org\/{rel}","templated":true}]}}