{"id":186844,"date":"2021-05-22T15:39:02","date_gmt":"2021-05-22T13:39:02","guid":{"rendered":"https:\/\/www.cicloturismo.it\/?p=186844"},"modified":"2021-05-22T15:39:02","modified_gmt":"2021-05-22T13:39:02","slug":"treviso-investe-un-ciclista-e-scappa","status":"publish","type":"post","link":"https:\/\/demo.cicloturismo.it\/?p=186844","title":{"rendered":"Treviso , investe un ciclista e scappa:"},"content":{"rendered":"<p><img decoding=\"async\" src=\"data:image\/svg+xml,%3Csvg%20xmlns%3D%27http%3A%2F%2Fwww.w3.org%2F2000%2Fsvg%27%20width%3D%27300%27%20height%3D%27200%27%20viewBox%3D%270%200%20300%20200%27%3E%3Crect%20width%3D%27300%27%20height%3D%27200%27%20fill-opacity%3D%220%22%2F%3E%3C%2Fsvg%3E\" data-orig-src=\"https:\/\/demo.cicloturismo.it\/wp-content\/uploads\/2021\/05\/police-883975_1280-300x200.jpg\" alt=\"\" width=\"300\" height=\"200\" class=\"lazyload alignnone size-medium wp-image-186845\" \/><br \/>\nUn automobilista tampona un ciclista e, dopo averlo fatto cadere sull&#8217;asfalto , scappa via senza soccorrerlo . Come scritto da &#8220;La Tribuna di Treviso&#8221;, l&#8217;urto si \u00e8 verificato intorno alle ore  16 di gioved\u00ec scorso nella citt\u00e0 di Treviso , in via Piave a Castelfranco Veneto. Il ciclista sarebbe stato urtato dallo  specchietto  laterale dell&#8217;auto ma tanto \u00e8 bastato per causate una brutto caduta . Il ciclista \u00e8 stato trasportato in codice rosso all&#8217;ospedale Ca&#8217; Foncello di Treviso.Ora la Polizia Locale \u00e8  al lavoro per rintracciare il pirata della strada.<\/p>\n","protected":false},"excerpt":{"rendered":"<p>Un automobilista tampona un ciclista e, dopo averlo fatto cadere  [&#8230;]<\/p>\n","protected":false},"author":1,"featured_media":186845,"comment_status":"open","ping_status":"open","sticky":false,"template":"","format":"standard","meta":{"footnotes":""},"categories":[8],"tags":[],"class_list":["post-186844","post","type-post","status-publish","format-standard","has-post-thumbnail","hentry","category-news"],"_links":{"self":[{"href":"https:\/\/demo.cicloturismo.it\/index.php?rest_route=\/wp\/v2\/posts\/186844","targetHints":{"allow":["GET"]}}],"collection":[{"href":"https:\/\/demo.cicloturismo.it\/index.php?rest_route=\/wp\/v2\/posts"}],"about":[{"href":"https:\/\/demo.cicloturismo.it\/index.php?rest_route=\/wp\/v2\/types\/post"}],"author":[{"embeddable":true,"href":"https:\/\/demo.cicloturismo.it\/index.php?rest_route=\/wp\/v2\/users\/1"}],"replies":[{"embeddable":true,"href":"https:\/\/demo.cicloturismo.it\/index.php?rest_route=%2Fwp%2Fv2%2Fcomments&post=186844"}],"version-history":[{"count":0,"href":"https:\/\/demo.cicloturismo.it\/index.php?rest_route=\/wp\/v2\/posts\/186844\/revisions"}],"wp:featuredmedia":[{"embeddable":true,"href":"https:\/\/demo.cicloturismo.it\/index.php?rest_route=\/"}],"wp:attachment":[{"href":"https:\/\/demo.cicloturismo.it\/index.php?rest_route=%2Fwp%2Fv2%2Fmedia&parent=186844"}],"wp:term":[{"taxonomy":"category","embeddable":true,"href":"https:\/\/demo.cicloturismo.it\/index.php?rest_route=%2Fwp%2Fv2%2Fcategories&post=186844"},{"taxonomy":"post_tag","embeddable":true,"href":"https:\/\/demo.cicloturismo.it\/index.php?rest_route=%2Fwp%2Fv2%2Ftags&post=186844"}],"curies":[{"name":"wp","href":"https:\/\/api.w.org\/{rel}","templated":true}]}}