{"id":186888,"date":"2021-05-26T15:06:05","date_gmt":"2021-05-26T13:06:05","guid":{"rendered":"https:\/\/www.cicloturismo.it\/?p=186888"},"modified":"2021-05-26T15:06:05","modified_gmt":"2021-05-26T13:06:05","slug":"via-libera-al-progetto-della-ciclabile-favaro-tessera","status":"publish","type":"post","link":"https:\/\/demo.cicloturismo.it\/?p=186888","title":{"rendered":"Via libera al progetto della ciclabile Favaro-Tessera"},"content":{"rendered":"<p><img decoding=\"async\" src=\"data:image\/svg+xml,%3Csvg%20xmlns%3D%27http%3A%2F%2Fwww.w3.org%2F2000%2Fsvg%27%20width%3D%27300%27%20height%3D%27200%27%20viewBox%3D%270%200%20300%20200%27%3E%3Crect%20width%3D%27300%27%20height%3D%27200%27%20fill-opacity%3D%220%22%2F%3E%3C%2Fsvg%3E\" data-orig-src=\"https:\/\/demo.cicloturismo.it\/wp-content\/uploads\/2021\/05\/cycling-6123193_1280-300x200.jpg\" alt=\"\" width=\"300\" height=\"200\" class=\"lazyload alignnone size-medium wp-image-186889\" \/><\/p>\n<p>La giunta comunale della citt\u00e0 di Venezia ha  approvato il progetto definitivo della ciclabile tra la localit\u00e0 di Favoro e  Tessera, sar\u00e0 finanziato con 1,8 milioni  di euro . Il nuovo percorso si unir\u00e0 con la ciclabile gi\u00e0 esistente di via Vallenari e via Triestina.In totale il nuovo percorso ciclabile sar\u00e0 di due chilometri. L&#8217;assessore ai trasporti del comune ha dichiarato , che &#8221; <strong>Questa ciclabile consentir\u00e0 ai cittadini di   Tessera di arrivare in 10 minuti a Favaro, in 20 al parco Albanese e in 30 in piazza Ferretto&#8221;. <\/strong><\/p>\n","protected":false},"excerpt":{"rendered":"<p>La giunta comunale della citt\u00e0 di Venezia ha approvato il  [&#8230;]<\/p>\n","protected":false},"author":1,"featured_media":186889,"comment_status":"open","ping_status":"open","sticky":false,"template":"","format":"standard","meta":{"footnotes":""},"categories":[8],"tags":[],"class_list":["post-186888","post","type-post","status-publish","format-standard","has-post-thumbnail","hentry","category-news"],"_links":{"self":[{"href":"https:\/\/demo.cicloturismo.it\/index.php?rest_route=\/wp\/v2\/posts\/186888","targetHints":{"allow":["GET"]}}],"collection":[{"href":"https:\/\/demo.cicloturismo.it\/index.php?rest_route=\/wp\/v2\/posts"}],"about":[{"href":"https:\/\/demo.cicloturismo.it\/index.php?rest_route=\/wp\/v2\/types\/post"}],"author":[{"embeddable":true,"href":"https:\/\/demo.cicloturismo.it\/index.php?rest_route=\/wp\/v2\/users\/1"}],"replies":[{"embeddable":true,"href":"https:\/\/demo.cicloturismo.it\/index.php?rest_route=%2Fwp%2Fv2%2Fcomments&post=186888"}],"version-history":[{"count":0,"href":"https:\/\/demo.cicloturismo.it\/index.php?rest_route=\/wp\/v2\/posts\/186888\/revisions"}],"wp:featuredmedia":[{"embeddable":true,"href":"https:\/\/demo.cicloturismo.it\/index.php?rest_route=\/"}],"wp:attachment":[{"href":"https:\/\/demo.cicloturismo.it\/index.php?rest_route=%2Fwp%2Fv2%2Fmedia&parent=186888"}],"wp:term":[{"taxonomy":"category","embeddable":true,"href":"https:\/\/demo.cicloturismo.it\/index.php?rest_route=%2Fwp%2Fv2%2Fcategories&post=186888"},{"taxonomy":"post_tag","embeddable":true,"href":"https:\/\/demo.cicloturismo.it\/index.php?rest_route=%2Fwp%2Fv2%2Ftags&post=186888"}],"curies":[{"name":"wp","href":"https:\/\/api.w.org\/{rel}","templated":true}]}}