{"id":186909,"date":"2021-05-28T15:18:34","date_gmt":"2021-05-28T13:18:34","guid":{"rendered":"https:\/\/www.cicloturismo.it\/?p=186909"},"modified":"2021-05-28T15:18:34","modified_gmt":"2021-05-28T13:18:34","slug":"nuova-ciclabile-nella-citta-di-rimini","status":"publish","type":"post","link":"https:\/\/demo.cicloturismo.it\/?p=186909","title":{"rendered":"Nuova ciclabile nella citt\u00e0 di Rimini ."},"content":{"rendered":"<p><img decoding=\"async\" src=\"data:image\/svg+xml,%3Csvg%20xmlns%3D%27http%3A%2F%2Fwww.w3.org%2F2000%2Fsvg%27%20width%3D%27300%27%20height%3D%27168%27%20viewBox%3D%270%200%20300%20168%27%3E%3Crect%20width%3D%27300%27%20height%3D%27168%27%20fill-opacity%3D%220%22%2F%3E%3C%2Fsvg%3E\" data-orig-src=\"https:\/\/demo.cicloturismo.it\/wp-content\/uploads\/2021\/05\/nature-4868678_1280-300x168.jpg\" alt=\"\" width=\"300\" height=\"168\" class=\"lazyload alignnone size-medium wp-image-186861\" \/><br \/>\nDal primo giugno sar\u00e0 percorribile il  nuovo tratto di ciclabile  di  via Bastioni settentrionali che costeggia Porta Galliana, nella citt\u00e0 di Rimini. La nuova ciclabile si collegher\u00e0 con le piste ciclabili gi\u00e0 esistenti di  via  Porto, la ciclabile di via Coletti, oltre a raggiungere anche le piste delle  piazze del centro citt\u00e0 e l\u2019area del ponte di Tiberio e la Piazza sull&#8217;acqua.<\/p>\n","protected":false},"excerpt":{"rendered":"<p>Dal primo giugno sar\u00e0 percorribile il nuovo tratto di ciclabile  [&#8230;]<\/p>\n","protected":false},"author":1,"featured_media":186861,"comment_status":"open","ping_status":"open","sticky":false,"template":"","format":"standard","meta":{"footnotes":""},"categories":[8],"tags":[],"class_list":["post-186909","post","type-post","status-publish","format-standard","has-post-thumbnail","hentry","category-news"],"_links":{"self":[{"href":"https:\/\/demo.cicloturismo.it\/index.php?rest_route=\/wp\/v2\/posts\/186909","targetHints":{"allow":["GET"]}}],"collection":[{"href":"https:\/\/demo.cicloturismo.it\/index.php?rest_route=\/wp\/v2\/posts"}],"about":[{"href":"https:\/\/demo.cicloturismo.it\/index.php?rest_route=\/wp\/v2\/types\/post"}],"author":[{"embeddable":true,"href":"https:\/\/demo.cicloturismo.it\/index.php?rest_route=\/wp\/v2\/users\/1"}],"replies":[{"embeddable":true,"href":"https:\/\/demo.cicloturismo.it\/index.php?rest_route=%2Fwp%2Fv2%2Fcomments&post=186909"}],"version-history":[{"count":0,"href":"https:\/\/demo.cicloturismo.it\/index.php?rest_route=\/wp\/v2\/posts\/186909\/revisions"}],"wp:featuredmedia":[{"embeddable":true,"href":"https:\/\/demo.cicloturismo.it\/index.php?rest_route=\/"}],"wp:attachment":[{"href":"https:\/\/demo.cicloturismo.it\/index.php?rest_route=%2Fwp%2Fv2%2Fmedia&parent=186909"}],"wp:term":[{"taxonomy":"category","embeddable":true,"href":"https:\/\/demo.cicloturismo.it\/index.php?rest_route=%2Fwp%2Fv2%2Fcategories&post=186909"},{"taxonomy":"post_tag","embeddable":true,"href":"https:\/\/demo.cicloturismo.it\/index.php?rest_route=%2Fwp%2Fv2%2Ftags&post=186909"}],"curies":[{"name":"wp","href":"https:\/\/api.w.org\/{rel}","templated":true}]}}