{"id":186940,"date":"2021-05-31T15:08:55","date_gmt":"2021-05-31T13:08:55","guid":{"rendered":"https:\/\/www.cicloturismo.it\/?p=186940"},"modified":"2021-05-31T15:08:55","modified_gmt":"2021-05-31T13:08:55","slug":"sara-dedicata-a-felice-gimondi-la-pista-ciclabile-tra-alme","status":"publish","type":"post","link":"https:\/\/demo.cicloturismo.it\/?p=186940","title":{"rendered":"Sar\u00e0 dedicata a Felice Gimondi la pista ciclabile tra Alm\u00e8."},"content":{"rendered":"<p><img decoding=\"async\" src=\"data:image\/svg+xml,%3Csvg%20xmlns%3D%27http%3A%2F%2Fwww.w3.org%2F2000%2Fsvg%27%20width%3D%27300%27%20height%3D%27200%27%20viewBox%3D%270%200%20300%20200%27%3E%3Crect%20width%3D%27300%27%20height%3D%27200%27%20fill-opacity%3D%220%22%2F%3E%3C%2Fsvg%3E\" data-orig-src=\"https:\/\/demo.cicloturismo.it\/wp-content\/uploads\/2021\/05\/bike-3528510_1280-300x200.jpg\" alt=\"\" width=\"300\" height=\"200\" class=\"lazyload alignnone size-medium wp-image-186941\" \/><\/p>\n<p>La ciclabile di  Alm\u00e8-Villa d\u2019Alm\u00e8-Sedrina,che si snoda lungo la vecchia ferrovia della Val Brembana,verr\u00e0 intitolata al grande ciclista italiano Felice Gimondi, morto lo scorso 16 agosto del 2019.La decisione \u00e8 stata presa dal Presidente della provincia Gianfranco Gafforelli. Come si legge nel comunicato stampa &#8221; <strong>Gimondi \u00e8 stato uno dei pi\u00f9 grandi ciclisti italiani di sempre, che nel corso della sua lunga carriera oltre ad aver vinto numerose competizioni \u00e8 sempre stato un esempio positivo per tutti&#8221;<\/strong><\/p>\n","protected":false},"excerpt":{"rendered":"<p>La ciclabile di Alm\u00e8-Villa d\u2019Alm\u00e8-Sedrina,che si snoda lungo la vecchia  [&#8230;]<\/p>\n","protected":false},"author":1,"featured_media":186941,"comment_status":"open","ping_status":"open","sticky":false,"template":"","format":"standard","meta":{"footnotes":""},"categories":[8],"tags":[],"class_list":["post-186940","post","type-post","status-publish","format-standard","has-post-thumbnail","hentry","category-news"],"_links":{"self":[{"href":"https:\/\/demo.cicloturismo.it\/index.php?rest_route=\/wp\/v2\/posts\/186940","targetHints":{"allow":["GET"]}}],"collection":[{"href":"https:\/\/demo.cicloturismo.it\/index.php?rest_route=\/wp\/v2\/posts"}],"about":[{"href":"https:\/\/demo.cicloturismo.it\/index.php?rest_route=\/wp\/v2\/types\/post"}],"author":[{"embeddable":true,"href":"https:\/\/demo.cicloturismo.it\/index.php?rest_route=\/wp\/v2\/users\/1"}],"replies":[{"embeddable":true,"href":"https:\/\/demo.cicloturismo.it\/index.php?rest_route=%2Fwp%2Fv2%2Fcomments&post=186940"}],"version-history":[{"count":0,"href":"https:\/\/demo.cicloturismo.it\/index.php?rest_route=\/wp\/v2\/posts\/186940\/revisions"}],"wp:featuredmedia":[{"embeddable":true,"href":"https:\/\/demo.cicloturismo.it\/index.php?rest_route=\/"}],"wp:attachment":[{"href":"https:\/\/demo.cicloturismo.it\/index.php?rest_route=%2Fwp%2Fv2%2Fmedia&parent=186940"}],"wp:term":[{"taxonomy":"category","embeddable":true,"href":"https:\/\/demo.cicloturismo.it\/index.php?rest_route=%2Fwp%2Fv2%2Fcategories&post=186940"},{"taxonomy":"post_tag","embeddable":true,"href":"https:\/\/demo.cicloturismo.it\/index.php?rest_route=%2Fwp%2Fv2%2Ftags&post=186940"}],"curies":[{"name":"wp","href":"https:\/\/api.w.org\/{rel}","templated":true}]}}