{"id":186945,"date":"2021-05-31T15:26:26","date_gmt":"2021-05-31T13:26:26","guid":{"rendered":"https:\/\/www.cicloturismo.it\/?p=186945"},"modified":"2021-05-31T15:26:26","modified_gmt":"2021-05-31T13:26:26","slug":"il-comune-di-cuneo-paghera-trenta-euro-al-mese-se-vai-al-lavoro-in-bici","status":"publish","type":"post","link":"https:\/\/demo.cicloturismo.it\/?p=186945","title":{"rendered":"Il comune di Cuneo pagher\u00e0 trenta euro al mese se vai al lavoro in bici."},"content":{"rendered":"<p><img decoding=\"async\" src=\"data:image\/svg+xml,%3Csvg%20xmlns%3D%27http%3A%2F%2Fwww.w3.org%2F2000%2Fsvg%27%20width%3D%27300%27%20height%3D%27200%27%20viewBox%3D%270%200%20300%20200%27%3E%3Crect%20width%3D%27300%27%20height%3D%27200%27%20fill-opacity%3D%220%22%2F%3E%3C%2Fsvg%3E\" data-orig-src=\"https:\/\/demo.cicloturismo.it\/wp-content\/uploads\/2021\/05\/bike-4569776_1280-300x200.jpg\" alt=\"\" width=\"300\" height=\"200\" class=\"lazyload alignnone size-medium wp-image-186946\" \/><br \/>\nIl comune di Cuneo pagher\u00e0 fino a 30 euro al mese ,  per chi sceglier\u00e0 di recarsi in bicicletta al lavoro . Chi parteciper\u00e0 a questo progetto sulla mobilit\u00e0 sostenibile dovr\u00e0 scaricare l&#8217;applicazione  Wecity , dove verranno registrati tutti gli spostamenti .Il progetto sar\u00e0 presentato la prossima settimana. La sperimentazione inizier\u00e0 il primo giugno, per sei mesi . Ogni partecipate al progetto verr\u00e0 pagato 20 centesimi  a km,l&#8217;incentivo sar\u00e0 anche valido per chi utilizza biciclette elettriche . In una prima fase parteciperanno solo 300 persone residente nel comune, sar\u00e0 valido solo per il tragitto  casa-lavoro.<\/p>\n","protected":false},"excerpt":{"rendered":"<p>Il comune di Cuneo pagher\u00e0 fino a 30 euro al  [&#8230;]<\/p>\n","protected":false},"author":1,"featured_media":186946,"comment_status":"open","ping_status":"open","sticky":false,"template":"","format":"standard","meta":{"footnotes":""},"categories":[8],"tags":[],"class_list":["post-186945","post","type-post","status-publish","format-standard","has-post-thumbnail","hentry","category-news"],"_links":{"self":[{"href":"https:\/\/demo.cicloturismo.it\/index.php?rest_route=\/wp\/v2\/posts\/186945","targetHints":{"allow":["GET"]}}],"collection":[{"href":"https:\/\/demo.cicloturismo.it\/index.php?rest_route=\/wp\/v2\/posts"}],"about":[{"href":"https:\/\/demo.cicloturismo.it\/index.php?rest_route=\/wp\/v2\/types\/post"}],"author":[{"embeddable":true,"href":"https:\/\/demo.cicloturismo.it\/index.php?rest_route=\/wp\/v2\/users\/1"}],"replies":[{"embeddable":true,"href":"https:\/\/demo.cicloturismo.it\/index.php?rest_route=%2Fwp%2Fv2%2Fcomments&post=186945"}],"version-history":[{"count":0,"href":"https:\/\/demo.cicloturismo.it\/index.php?rest_route=\/wp\/v2\/posts\/186945\/revisions"}],"wp:featuredmedia":[{"embeddable":true,"href":"https:\/\/demo.cicloturismo.it\/index.php?rest_route=\/"}],"wp:attachment":[{"href":"https:\/\/demo.cicloturismo.it\/index.php?rest_route=%2Fwp%2Fv2%2Fmedia&parent=186945"}],"wp:term":[{"taxonomy":"category","embeddable":true,"href":"https:\/\/demo.cicloturismo.it\/index.php?rest_route=%2Fwp%2Fv2%2Fcategories&post=186945"},{"taxonomy":"post_tag","embeddable":true,"href":"https:\/\/demo.cicloturismo.it\/index.php?rest_route=%2Fwp%2Fv2%2Ftags&post=186945"}],"curies":[{"name":"wp","href":"https:\/\/api.w.org\/{rel}","templated":true}]}}