{"id":187112,"date":"2021-06-12T15:24:02","date_gmt":"2021-06-12T13:24:02","guid":{"rendered":"https:\/\/www.cicloturismo.it\/?p=187112"},"modified":"2021-06-12T15:24:02","modified_gmt":"2021-06-12T13:24:02","slug":"il-nuovo-asfalto-anti-trauma","status":"publish","type":"post","link":"https:\/\/demo.cicloturismo.it\/?p=187112","title":{"rendered":"Il nuovo asfalto &#8220;anti-trauma&#8221;."},"content":{"rendered":"<p><img decoding=\"async\" src=\"data:image\/svg+xml,%3Csvg%20xmlns%3D%27http%3A%2F%2Fwww.w3.org%2F2000%2Fsvg%27%20width%3D%27300%27%20height%3D%27200%27%20viewBox%3D%270%200%20300%20200%27%3E%3Crect%20width%3D%27300%27%20height%3D%27200%27%20fill-opacity%3D%220%22%2F%3E%3C%2Fsvg%3E\" data-orig-src=\"https:\/\/demo.cicloturismo.it\/wp-content\/uploads\/2021\/06\/road-3713825_1280-300x200.jpg\" alt=\"\" width=\"300\" height=\"200\" class=\"lazyload alignnone size-medium wp-image-187113\" \/><\/p>\n<p>In questi giorni il comune di Imola ha avviato la sperimentazione del nuovo  asfalto &#8220;anti-trauma&#8221;, lungo una ciclabile  della citt\u00e0 .La nuova pavimentazione sarebbe in grado di assorbire gli impatti di eventuali cadute dei ciclisti ,riducendo cos\u00ec  in maniera significativa il rischio di lesioni alle gambe e braccia . Questo manto stradale rivoluzionario \u00e8 composto da pochi centimetri di materiale riciclato come i pneumatici delle macchine . L\u2019ingegner Cesare Sangiorgi dell\u2019Universit\u00e0 di Bologna,spiega che  &#8220;\u201c<strong>Il materiale rende la pavimentazione pi\u00f9 sicura rispetto al  tradizionale asfalto in quanto grazie a soli 4 cm di spessore di posa del materiale, sposta da 20 centimetri ad oltre 1 metro l\u2019altezza critica di caduta, ossia il limite dove una caduta accidentale pu\u00f2 trasformarsi in un incidente con gravi conseguenze fisiche.Il componente principale dello strato superficiale in via di sviluppo presso l\u2019Universit\u00e0 \u00e8 un granulato di riciclo ottenuto da pneumatici dismessi&#8221;.<\/strong><\/p>\n","protected":false},"excerpt":{"rendered":"<p>In questi giorni il comune di Imola ha avviato la  [&#8230;]<\/p>\n","protected":false},"author":1,"featured_media":187113,"comment_status":"open","ping_status":"open","sticky":false,"template":"","format":"standard","meta":{"footnotes":""},"categories":[8],"tags":[],"class_list":["post-187112","post","type-post","status-publish","format-standard","has-post-thumbnail","hentry","category-news"],"_links":{"self":[{"href":"https:\/\/demo.cicloturismo.it\/index.php?rest_route=\/wp\/v2\/posts\/187112","targetHints":{"allow":["GET"]}}],"collection":[{"href":"https:\/\/demo.cicloturismo.it\/index.php?rest_route=\/wp\/v2\/posts"}],"about":[{"href":"https:\/\/demo.cicloturismo.it\/index.php?rest_route=\/wp\/v2\/types\/post"}],"author":[{"embeddable":true,"href":"https:\/\/demo.cicloturismo.it\/index.php?rest_route=\/wp\/v2\/users\/1"}],"replies":[{"embeddable":true,"href":"https:\/\/demo.cicloturismo.it\/index.php?rest_route=%2Fwp%2Fv2%2Fcomments&post=187112"}],"version-history":[{"count":0,"href":"https:\/\/demo.cicloturismo.it\/index.php?rest_route=\/wp\/v2\/posts\/187112\/revisions"}],"wp:featuredmedia":[{"embeddable":true,"href":"https:\/\/demo.cicloturismo.it\/index.php?rest_route=\/"}],"wp:attachment":[{"href":"https:\/\/demo.cicloturismo.it\/index.php?rest_route=%2Fwp%2Fv2%2Fmedia&parent=187112"}],"wp:term":[{"taxonomy":"category","embeddable":true,"href":"https:\/\/demo.cicloturismo.it\/index.php?rest_route=%2Fwp%2Fv2%2Fcategories&post=187112"},{"taxonomy":"post_tag","embeddable":true,"href":"https:\/\/demo.cicloturismo.it\/index.php?rest_route=%2Fwp%2Fv2%2Ftags&post=187112"}],"curies":[{"name":"wp","href":"https:\/\/api.w.org\/{rel}","templated":true}]}}