{"id":187132,"date":"2021-06-14T15:19:06","date_gmt":"2021-06-14T13:19:06","guid":{"rendered":"https:\/\/www.cicloturismo.it\/?p=187132"},"modified":"2021-06-14T15:19:06","modified_gmt":"2021-06-14T13:19:06","slug":"la-nuova-ciclabile-di-cavallino-treporti","status":"publish","type":"post","link":"https:\/\/demo.cicloturismo.it\/?p=187132","title":{"rendered":"La nuova ciclabile di Cavallino Treporti."},"content":{"rendered":"<p><img decoding=\"async\" src=\"data:image\/svg+xml,%3Csvg%20xmlns%3D%27http%3A%2F%2Fwww.w3.org%2F2000%2Fsvg%27%20width%3D%27300%27%20height%3D%27168%27%20viewBox%3D%270%200%20300%20168%27%3E%3Crect%20width%3D%27300%27%20height%3D%27168%27%20fill-opacity%3D%220%22%2F%3E%3C%2Fsvg%3E\" data-orig-src=\"https:\/\/demo.cicloturismo.it\/wp-content\/uploads\/2021\/06\/bike-1534906_1280-300x168.jpg\" alt=\"\" width=\"300\" height=\"168\" class=\"lazyload alignnone size-medium wp-image-187133\" \/><\/p>\n<p>Il prossimo 10 lugli sar\u00e0 inaugurato il primo  segmento della  ciclabile a sbalzo di Via Porrdelio, nella citt\u00e0 di  Cavallino Treporti. In quel giorno l&#8217;amministrazione comunale inaugurer\u00e0 i primi  1,2 chilometri del percorso ciclabile  affacciato sulla laguna veneziana  che da piazza Santa Maria Elisabetta si unir\u00e0  con il tratto di via della Marinona fino a Ca&#8217; Ballarin. In questo mondo si potr\u00e0 pedalare in tutta sicurezza per  3,5 km , questa progetto far\u00e0 parte nel nuovo waterfront. Questo percorso ciclabile si chiama Via del Respiro  andr\u00e0 a inserirsi in un itinerario  ciclabile  di oltre 20 chilometri che collegher\u00e0 la localit\u00e0 di Cavallino a Punta Sabbioni.<\/p>\n","protected":false},"excerpt":{"rendered":"<p>Il prossimo 10 lugli sar\u00e0 inaugurato il primo segmento della  [&#8230;]<\/p>\n","protected":false},"author":1,"featured_media":187133,"comment_status":"open","ping_status":"open","sticky":false,"template":"","format":"standard","meta":{"footnotes":""},"categories":[8],"tags":[],"class_list":["post-187132","post","type-post","status-publish","format-standard","has-post-thumbnail","hentry","category-news"],"_links":{"self":[{"href":"https:\/\/demo.cicloturismo.it\/index.php?rest_route=\/wp\/v2\/posts\/187132","targetHints":{"allow":["GET"]}}],"collection":[{"href":"https:\/\/demo.cicloturismo.it\/index.php?rest_route=\/wp\/v2\/posts"}],"about":[{"href":"https:\/\/demo.cicloturismo.it\/index.php?rest_route=\/wp\/v2\/types\/post"}],"author":[{"embeddable":true,"href":"https:\/\/demo.cicloturismo.it\/index.php?rest_route=\/wp\/v2\/users\/1"}],"replies":[{"embeddable":true,"href":"https:\/\/demo.cicloturismo.it\/index.php?rest_route=%2Fwp%2Fv2%2Fcomments&post=187132"}],"version-history":[{"count":0,"href":"https:\/\/demo.cicloturismo.it\/index.php?rest_route=\/wp\/v2\/posts\/187132\/revisions"}],"wp:featuredmedia":[{"embeddable":true,"href":"https:\/\/demo.cicloturismo.it\/index.php?rest_route=\/"}],"wp:attachment":[{"href":"https:\/\/demo.cicloturismo.it\/index.php?rest_route=%2Fwp%2Fv2%2Fmedia&parent=187132"}],"wp:term":[{"taxonomy":"category","embeddable":true,"href":"https:\/\/demo.cicloturismo.it\/index.php?rest_route=%2Fwp%2Fv2%2Fcategories&post=187132"},{"taxonomy":"post_tag","embeddable":true,"href":"https:\/\/demo.cicloturismo.it\/index.php?rest_route=%2Fwp%2Fv2%2Ftags&post=187132"}],"curies":[{"name":"wp","href":"https:\/\/api.w.org\/{rel}","templated":true}]}}