{"id":187163,"date":"2021-06-16T15:44:41","date_gmt":"2021-06-16T13:44:41","guid":{"rendered":"https:\/\/www.cicloturismo.it\/?p=187163"},"modified":"2021-06-16T15:44:41","modified_gmt":"2021-06-16T13:44:41","slug":"superciclabile-padova-vicenza","status":"publish","type":"post","link":"https:\/\/demo.cicloturismo.it\/?p=187163","title":{"rendered":"Superciclabile Padova-Vicenza."},"content":{"rendered":"<p><img decoding=\"async\" src=\"data:image\/svg+xml,%3Csvg%20xmlns%3D%27http%3A%2F%2Fwww.w3.org%2F2000%2Fsvg%27%20width%3D%27300%27%20height%3D%27168%27%20viewBox%3D%270%200%20300%20168%27%3E%3Crect%20width%3D%27300%27%20height%3D%27168%27%20fill-opacity%3D%220%22%2F%3E%3C%2Fsvg%3E\" data-orig-src=\"https:\/\/demo.cicloturismo.it\/wp-content\/uploads\/2021\/06\/bike-1534906_1280-300x168.jpg\" alt=\"\" width=\"300\" height=\"168\" class=\"lazyload alignnone size-medium wp-image-187133\" \/><\/p>\n<p>Quest&#8217;oggi \u00e8 stato firmato il protocollo d&#8217;intesa sul progetto della supercicalbile che collegher\u00e0 la citt\u00e0 di Padova a Vicenza. L&#8217;accordo \u00e8 stato firmato da Grisignano di Zocco dai presidenti delle Province di Padova Fabio Bui e di Vicenza Francesco Rucco insieme ai sindaci di Padova, Rubano, Mestrino, Veggiano, Grisignano di Zocco, Grumolo delle Abbadesse, Torri di Quartesolo e Vicenza.L&#8217;accordo firmato dai vari sindaci servir\u00e0 per iniziare la procedure di studio per la fattibilit\u00e0 del progetto comprendendo anche i risvolti economici che interesseranno i relativi territori comunali attraversati dalla ciclabile.<\/p>\n","protected":false},"excerpt":{"rendered":"<p>Quest&#8217;oggi \u00e8 stato firmato il protocollo d&#8217;intesa sul progetto della  [&#8230;]<\/p>\n","protected":false},"author":1,"featured_media":187133,"comment_status":"open","ping_status":"open","sticky":false,"template":"","format":"standard","meta":{"footnotes":""},"categories":[8],"tags":[],"class_list":["post-187163","post","type-post","status-publish","format-standard","has-post-thumbnail","hentry","category-news"],"_links":{"self":[{"href":"https:\/\/demo.cicloturismo.it\/index.php?rest_route=\/wp\/v2\/posts\/187163","targetHints":{"allow":["GET"]}}],"collection":[{"href":"https:\/\/demo.cicloturismo.it\/index.php?rest_route=\/wp\/v2\/posts"}],"about":[{"href":"https:\/\/demo.cicloturismo.it\/index.php?rest_route=\/wp\/v2\/types\/post"}],"author":[{"embeddable":true,"href":"https:\/\/demo.cicloturismo.it\/index.php?rest_route=\/wp\/v2\/users\/1"}],"replies":[{"embeddable":true,"href":"https:\/\/demo.cicloturismo.it\/index.php?rest_route=%2Fwp%2Fv2%2Fcomments&post=187163"}],"version-history":[{"count":0,"href":"https:\/\/demo.cicloturismo.it\/index.php?rest_route=\/wp\/v2\/posts\/187163\/revisions"}],"wp:featuredmedia":[{"embeddable":true,"href":"https:\/\/demo.cicloturismo.it\/index.php?rest_route=\/"}],"wp:attachment":[{"href":"https:\/\/demo.cicloturismo.it\/index.php?rest_route=%2Fwp%2Fv2%2Fmedia&parent=187163"}],"wp:term":[{"taxonomy":"category","embeddable":true,"href":"https:\/\/demo.cicloturismo.it\/index.php?rest_route=%2Fwp%2Fv2%2Fcategories&post=187163"},{"taxonomy":"post_tag","embeddable":true,"href":"https:\/\/demo.cicloturismo.it\/index.php?rest_route=%2Fwp%2Fv2%2Ftags&post=187163"}],"curies":[{"name":"wp","href":"https:\/\/api.w.org\/{rel}","templated":true}]}}