{"id":187218,"date":"2021-06-21T15:12:22","date_gmt":"2021-06-21T13:12:22","guid":{"rendered":"https:\/\/www.cicloturismo.it\/?p=187218"},"modified":"2021-06-21T15:12:22","modified_gmt":"2021-06-21T13:12:22","slug":"imperiatratto-ciclabile-da-san-lorenzo-a-prino-aperto-entro-natale","status":"publish","type":"post","link":"https:\/\/demo.cicloturismo.it\/?p=187218","title":{"rendered":"Imperia,tratto ciclabile da San Lorenzo a Prino aperto entro Natale."},"content":{"rendered":"<p><img decoding=\"async\" class=\"lazyload alignnone size-medium wp-image-187219\" src=\"data:image\/svg+xml,%3Csvg%20xmlns%3D%27http%3A%2F%2Fwww.w3.org%2F2000%2Fsvg%27%20width%3D%27300%27%20height%3D%27200%27%20viewBox%3D%270%200%20300%20200%27%3E%3Crect%20width%3D%27300%27%20height%3D%27200%27%20fill-opacity%3D%220%22%2F%3E%3C%2Fsvg%3E\" data-orig-src=\"https:\/\/demo.cicloturismo.it\/wp-content\/uploads\/2021\/06\/bike-1778717_1280-300x200.jpg\" alt=\"\" width=\"300\" height=\"200\" \/><\/p>\n<p>&nbsp;<\/p>\n<p>Quest&#8217;oggi il sindaco Claudio Scajola\u00a0 della citt\u00e0 di Imperia ha fatto un sopralluogo per vedere l&#8217;avanzamento dei lavori della ciclabile, nell&#8217;ex percorso ferroviario della citt\u00e0 ligure\u00a0 .&#8221; <strong>I<\/strong> l<strong>avori della Ciclabile nel tratto tra San Lorenzo e il Prino stanno procedendo speditamente. La speranza \u00e8 quella di inaugurarlo per Natale&#8221;<\/strong>, cos\u00ec il sindaco.Questo tratto di ciclabile quando sar\u00e0 terminata si unir\u00e0 con quella gi\u00e0 esistesti ,che si conclude nella citt\u00e0 ligure di Ospedaletti .<\/p>\n<p>&nbsp;<\/p>\n<p>&nbsp;<\/p>\n<p>&nbsp;<\/p>\n","protected":false},"excerpt":{"rendered":"<p>&nbsp; Quest&#8217;oggi il sindaco Claudio Scajola\u00a0 della citt\u00e0 di Imperia  [&#8230;]<\/p>\n","protected":false},"author":1,"featured_media":187219,"comment_status":"open","ping_status":"open","sticky":false,"template":"","format":"standard","meta":{"footnotes":""},"categories":[8],"tags":[],"class_list":["post-187218","post","type-post","status-publish","format-standard","has-post-thumbnail","hentry","category-news"],"_links":{"self":[{"href":"https:\/\/demo.cicloturismo.it\/index.php?rest_route=\/wp\/v2\/posts\/187218","targetHints":{"allow":["GET"]}}],"collection":[{"href":"https:\/\/demo.cicloturismo.it\/index.php?rest_route=\/wp\/v2\/posts"}],"about":[{"href":"https:\/\/demo.cicloturismo.it\/index.php?rest_route=\/wp\/v2\/types\/post"}],"author":[{"embeddable":true,"href":"https:\/\/demo.cicloturismo.it\/index.php?rest_route=\/wp\/v2\/users\/1"}],"replies":[{"embeddable":true,"href":"https:\/\/demo.cicloturismo.it\/index.php?rest_route=%2Fwp%2Fv2%2Fcomments&post=187218"}],"version-history":[{"count":0,"href":"https:\/\/demo.cicloturismo.it\/index.php?rest_route=\/wp\/v2\/posts\/187218\/revisions"}],"wp:featuredmedia":[{"embeddable":true,"href":"https:\/\/demo.cicloturismo.it\/index.php?rest_route=\/"}],"wp:attachment":[{"href":"https:\/\/demo.cicloturismo.it\/index.php?rest_route=%2Fwp%2Fv2%2Fmedia&parent=187218"}],"wp:term":[{"taxonomy":"category","embeddable":true,"href":"https:\/\/demo.cicloturismo.it\/index.php?rest_route=%2Fwp%2Fv2%2Fcategories&post=187218"},{"taxonomy":"post_tag","embeddable":true,"href":"https:\/\/demo.cicloturismo.it\/index.php?rest_route=%2Fwp%2Fv2%2Ftags&post=187218"}],"curies":[{"name":"wp","href":"https:\/\/api.w.org\/{rel}","templated":true}]}}