{"id":187234,"date":"2021-06-22T15:24:32","date_gmt":"2021-06-22T13:24:32","guid":{"rendered":"https:\/\/www.cicloturismo.it\/?p=187234"},"modified":"2021-06-22T15:24:32","modified_gmt":"2021-06-22T13:24:32","slug":"milano-corso-buenos-aires-piu-ciclabile-meno-posti","status":"publish","type":"post","link":"https:\/\/demo.cicloturismo.it\/?p=187234","title":{"rendered":"Milano, Corso Buenos Aires: pi\u00f9 ciclabile , meno posti."},"content":{"rendered":"<p><img decoding=\"async\" class=\"lazyload alignnone size-medium wp-image-187235\" src=\"data:image\/svg+xml,%3Csvg%20xmlns%3D%27http%3A%2F%2Fwww.w3.org%2F2000%2Fsvg%27%20width%3D%27300%27%20height%3D%27200%27%20viewBox%3D%270%200%20300%20200%27%3E%3Crect%20width%3D%27300%27%20height%3D%27200%27%20fill-opacity%3D%220%22%2F%3E%3C%2Fsvg%3E\" data-orig-src=\"https:\/\/demo.cicloturismo.it\/wp-content\/uploads\/2021\/06\/bike-834749_1280-1-300x200.jpg\" alt=\"\" width=\"300\" height=\"200\" \/><\/p>\n<p>&nbsp;<\/p>\n<p>La via ciclabile di Corso Buenos Aires\u00a0 a Milano\u00a0 si allargher\u00e0, cancellando numerosi posti auto lungo il corso, in cambio ci sar\u00e0 un marciapiedi pi\u00f9 largo e le carreggiate del traffico automobilistico saranno pi\u00f9 ampie. I lavori di rimodernato dovrebbero partire nel mese di Agosto. L&#8217;assessore alla mobilit\u00e0 ha dichiarato , che &#8220;<strong> Il progetto prevede\u00a0 l&#8217;allargamento dei marciapiedi e a fianco ridisegneremo la ciclabile ampia 2,8 metri e protetta dai cordoli. Anche la corsia veicolare sar\u00e0 pi\u00f9 ampia per avere meno traffico nell&#8217;ora di punta. Per faro tutto questo si \u00e8 reso necessario la rimozione di numerosi parcheggi . Secondo i dati del comune la ciclabile di Corso\u00a0 Buenos Aires \u00e8 la pi\u00f9 utilizzata in citt\u00e0 con novemila passaggi al giorno &#8220;.\u00a0<\/strong><\/p>\n<p>&nbsp;<\/p>\n<p>&nbsp;<\/p>\n<p>&nbsp;<\/p>\n","protected":false},"excerpt":{"rendered":"<p>&nbsp; La via ciclabile di Corso Buenos Aires\u00a0 a Milano\u00a0  [&#8230;]<\/p>\n","protected":false},"author":1,"featured_media":187235,"comment_status":"open","ping_status":"open","sticky":false,"template":"","format":"standard","meta":{"footnotes":""},"categories":[8],"tags":[],"class_list":["post-187234","post","type-post","status-publish","format-standard","has-post-thumbnail","hentry","category-news"],"_links":{"self":[{"href":"https:\/\/demo.cicloturismo.it\/index.php?rest_route=\/wp\/v2\/posts\/187234","targetHints":{"allow":["GET"]}}],"collection":[{"href":"https:\/\/demo.cicloturismo.it\/index.php?rest_route=\/wp\/v2\/posts"}],"about":[{"href":"https:\/\/demo.cicloturismo.it\/index.php?rest_route=\/wp\/v2\/types\/post"}],"author":[{"embeddable":true,"href":"https:\/\/demo.cicloturismo.it\/index.php?rest_route=\/wp\/v2\/users\/1"}],"replies":[{"embeddable":true,"href":"https:\/\/demo.cicloturismo.it\/index.php?rest_route=%2Fwp%2Fv2%2Fcomments&post=187234"}],"version-history":[{"count":0,"href":"https:\/\/demo.cicloturismo.it\/index.php?rest_route=\/wp\/v2\/posts\/187234\/revisions"}],"wp:featuredmedia":[{"embeddable":true,"href":"https:\/\/demo.cicloturismo.it\/index.php?rest_route=\/"}],"wp:attachment":[{"href":"https:\/\/demo.cicloturismo.it\/index.php?rest_route=%2Fwp%2Fv2%2Fmedia&parent=187234"}],"wp:term":[{"taxonomy":"category","embeddable":true,"href":"https:\/\/demo.cicloturismo.it\/index.php?rest_route=%2Fwp%2Fv2%2Fcategories&post=187234"},{"taxonomy":"post_tag","embeddable":true,"href":"https:\/\/demo.cicloturismo.it\/index.php?rest_route=%2Fwp%2Fv2%2Ftags&post=187234"}],"curies":[{"name":"wp","href":"https:\/\/api.w.org\/{rel}","templated":true}]}}