{"id":187288,"date":"2021-06-28T15:34:57","date_gmt":"2021-06-28T13:34:57","guid":{"rendered":"https:\/\/www.cicloturismo.it\/?p=187288"},"modified":"2021-06-28T15:34:57","modified_gmt":"2021-06-28T13:34:57","slug":"cade-dalla-bicicletta-una-donna-a-passo-sella","status":"publish","type":"post","link":"https:\/\/demo.cicloturismo.it\/?p=187288","title":{"rendered":"Cade dalla bicicletta una donna al passo Sella"},"content":{"rendered":"<p>&nbsp;<\/p>\n<p><img decoding=\"async\" class=\"lazyload alignnone size-medium wp-image-187290\" src=\"data:image\/svg+xml,%3Csvg%20xmlns%3D%27http%3A%2F%2Fwww.w3.org%2F2000%2Fsvg%27%20width%3D%27300%27%20height%3D%27168%27%20viewBox%3D%270%200%20300%20168%27%3E%3Crect%20width%3D%27300%27%20height%3D%27168%27%20fill-opacity%3D%220%22%2F%3E%3C%2Fsvg%3E\" data-orig-src=\"https:\/\/demo.cicloturismo.it\/wp-content\/uploads\/2021\/06\/dolomites-4412912_1280-300x168.jpg\" alt=\"\" width=\"300\" height=\"168\" \/><\/p>\n<p>Una ciclista di 58 anni \u00e8 stata ricoverata all&#8217;ospedale di Bolzano per 2 gravi fratture dopo una caduta con la bici da corsa mentre stava scendendo il Passo Sella.<\/p>\n<p>L&#8217;incidente si \u00e8 verificato intorno alle ore 14:30. Sarebbe escluso che la donna sia stata tamponata da un macchina , l&#8217;ipotesi pi\u00f9 probabile potrebbe essere un malore dovuto al grande caldo.<\/p>\n<p>Il 118 \u00e8 stato allertato dai compagni di pedata, viste le sue gravi condizioni fisiche ( fonti attendibili confermano che la signora non \u00e8 e non \u00e8 mai stata in pericolo di vita ), \u00e8 stato richiesto\u00a0 l\u2019intervento dell\u2019elisoccorso, che ha trasferito rapidamente la donna al San Maurizio di Bolzano.<\/p>\n<p>Tutto lo staff di Cicloturismo si stringe attorno alla sig.ra augurandole una pronta guarigione con la speranza di vederla nuovamente presto in sella.<\/p>\n<p>&nbsp;<\/p>\n<p>&nbsp;<\/p>\n<p>&nbsp;<\/p>\n<p>&nbsp;<\/p>\n","protected":false},"excerpt":{"rendered":"<p>&nbsp; Una ciclista di 58 anni \u00e8 stata ricoverata all&#8217;ospedale  [&#8230;]<\/p>\n","protected":false},"author":1,"featured_media":187290,"comment_status":"open","ping_status":"open","sticky":false,"template":"","format":"standard","meta":{"footnotes":""},"categories":[8],"tags":[],"class_list":["post-187288","post","type-post","status-publish","format-standard","has-post-thumbnail","hentry","category-news"],"_links":{"self":[{"href":"https:\/\/demo.cicloturismo.it\/index.php?rest_route=\/wp\/v2\/posts\/187288","targetHints":{"allow":["GET"]}}],"collection":[{"href":"https:\/\/demo.cicloturismo.it\/index.php?rest_route=\/wp\/v2\/posts"}],"about":[{"href":"https:\/\/demo.cicloturismo.it\/index.php?rest_route=\/wp\/v2\/types\/post"}],"author":[{"embeddable":true,"href":"https:\/\/demo.cicloturismo.it\/index.php?rest_route=\/wp\/v2\/users\/1"}],"replies":[{"embeddable":true,"href":"https:\/\/demo.cicloturismo.it\/index.php?rest_route=%2Fwp%2Fv2%2Fcomments&post=187288"}],"version-history":[{"count":0,"href":"https:\/\/demo.cicloturismo.it\/index.php?rest_route=\/wp\/v2\/posts\/187288\/revisions"}],"wp:featuredmedia":[{"embeddable":true,"href":"https:\/\/demo.cicloturismo.it\/index.php?rest_route=\/"}],"wp:attachment":[{"href":"https:\/\/demo.cicloturismo.it\/index.php?rest_route=%2Fwp%2Fv2%2Fmedia&parent=187288"}],"wp:term":[{"taxonomy":"category","embeddable":true,"href":"https:\/\/demo.cicloturismo.it\/index.php?rest_route=%2Fwp%2Fv2%2Fcategories&post=187288"},{"taxonomy":"post_tag","embeddable":true,"href":"https:\/\/demo.cicloturismo.it\/index.php?rest_route=%2Fwp%2Fv2%2Ftags&post=187288"}],"curies":[{"name":"wp","href":"https:\/\/api.w.org\/{rel}","templated":true}]}}