{"id":187346,"date":"2021-07-02T15:17:35","date_gmt":"2021-07-02T13:17:35","guid":{"rendered":"https:\/\/www.cicloturismo.it\/?p=187346"},"modified":"2021-07-02T15:17:35","modified_gmt":"2021-07-02T13:17:35","slug":"via-libera-al-finanziamento-per-terminale-la-ciclabile-tra-san-lorenzo-al-mare-e-imperia","status":"publish","type":"post","link":"https:\/\/demo.cicloturismo.it\/?p=187346","title":{"rendered":"Via libera al finanziamento per terminare la ciclabile tra San Lorenzo al Mare e Imperia."},"content":{"rendered":"<p><img decoding=\"async\" class=\"lazyload alignnone size-medium wp-image-187235\" src=\"data:image\/svg+xml,%3Csvg%20xmlns%3D%27http%3A%2F%2Fwww.w3.org%2F2000%2Fsvg%27%20width%3D%27300%27%20height%3D%27200%27%20viewBox%3D%270%200%20300%20200%27%3E%3Crect%20width%3D%27300%27%20height%3D%27200%27%20fill-opacity%3D%220%22%2F%3E%3C%2Fsvg%3E\" data-orig-src=\"https:\/\/demo.cicloturismo.it\/wp-content\/uploads\/2021\/06\/bike-834749_1280-1-300x200.jpg\" alt=\"\" width=\"300\" height=\"200\" \/><\/p>\n<p>Quest&#8217;oggi il Comitato del Fondo strategico della regione liguria ha dato il via libera\u00a0 al finanziamento di 700mila euro , che serviranno per terminare il\u00a0 tratto di ciclabile tra San Lorenzo al Mare e Imperia. Questo tratto di ciclabile permetter\u00e0 di collegare\u00a0 le citt\u00e0 di Imperia a Ospedaletti,la ciclabile dei fiori far\u00e0 parte della ciclovia tirrenica , che metter\u00e0 in comunicazione con un&#8217;ampia rete di ciclabili\u00a0 \u00a0la regione\u00a0 Liguria e il Lazio . Il governatore della regione Liguria ha dichiarato,che &#8220;<strong>la ciclabile collegher\u00e0 la citt\u00e0 di \u00a0Imperia a Ospedaletti e poi tutta la Liguria fino al Lazio con la Ciclovia Tirrenica significa progettare il futuro, nell&#8217;ottica di quella ripartenza, che \u00e8 al centro della campagna estiva che stiamo promuovendo su tutto il territorio. E chiss\u00e0 &#8211; conclude il governatore &#8211; che un domani non possa essere realizzato il collegamento anche verso la Francia, con un percorso da Nizza fino a Roma&#8221;.<\/strong><\/p>\n<p>&nbsp;<\/p>\n<p>&nbsp;<\/p>\n","protected":false},"excerpt":{"rendered":"<p>Quest&#8217;oggi il Comitato del Fondo strategico della regione liguria ha  [&#8230;]<\/p>\n","protected":false},"author":1,"featured_media":187235,"comment_status":"open","ping_status":"open","sticky":false,"template":"","format":"standard","meta":{"footnotes":""},"categories":[8],"tags":[],"class_list":["post-187346","post","type-post","status-publish","format-standard","has-post-thumbnail","hentry","category-news"],"_links":{"self":[{"href":"https:\/\/demo.cicloturismo.it\/index.php?rest_route=\/wp\/v2\/posts\/187346","targetHints":{"allow":["GET"]}}],"collection":[{"href":"https:\/\/demo.cicloturismo.it\/index.php?rest_route=\/wp\/v2\/posts"}],"about":[{"href":"https:\/\/demo.cicloturismo.it\/index.php?rest_route=\/wp\/v2\/types\/post"}],"author":[{"embeddable":true,"href":"https:\/\/demo.cicloturismo.it\/index.php?rest_route=\/wp\/v2\/users\/1"}],"replies":[{"embeddable":true,"href":"https:\/\/demo.cicloturismo.it\/index.php?rest_route=%2Fwp%2Fv2%2Fcomments&post=187346"}],"version-history":[{"count":0,"href":"https:\/\/demo.cicloturismo.it\/index.php?rest_route=\/wp\/v2\/posts\/187346\/revisions"}],"wp:featuredmedia":[{"embeddable":true,"href":"https:\/\/demo.cicloturismo.it\/index.php?rest_route=\/"}],"wp:attachment":[{"href":"https:\/\/demo.cicloturismo.it\/index.php?rest_route=%2Fwp%2Fv2%2Fmedia&parent=187346"}],"wp:term":[{"taxonomy":"category","embeddable":true,"href":"https:\/\/demo.cicloturismo.it\/index.php?rest_route=%2Fwp%2Fv2%2Fcategories&post=187346"},{"taxonomy":"post_tag","embeddable":true,"href":"https:\/\/demo.cicloturismo.it\/index.php?rest_route=%2Fwp%2Fv2%2Ftags&post=187346"}],"curies":[{"name":"wp","href":"https:\/\/api.w.org\/{rel}","templated":true}]}}