{"id":187379,"date":"2021-07-05T15:40:43","date_gmt":"2021-07-05T13:40:43","guid":{"rendered":"https:\/\/www.cicloturismo.it\/?p=187379"},"modified":"2021-07-05T15:40:43","modified_gmt":"2021-07-05T13:40:43","slug":"ciclista-investito-sulla-ciclabile-di-mondolfo","status":"publish","type":"post","link":"https:\/\/demo.cicloturismo.it\/?p=187379","title":{"rendered":"Ciclista investito sulla ciclabile di Mondolfo."},"content":{"rendered":"<p><img decoding=\"async\" class=\"lazyload alignnone size-medium wp-image-187380\" src=\"data:image\/svg+xml,%3Csvg%20xmlns%3D%27http%3A%2F%2Fwww.w3.org%2F2000%2Fsvg%27%20width%3D%27300%27%20height%3D%27200%27%20viewBox%3D%270%200%20300%20200%27%3E%3Crect%20width%3D%27300%27%20height%3D%27200%27%20fill-opacity%3D%220%22%2F%3E%3C%2Fsvg%3E\" data-orig-src=\"https:\/\/demo.cicloturismo.it\/wp-content\/uploads\/2021\/07\/bike-3598354_1280-300x200.jpg\" alt=\"\" width=\"300\" height=\"200\" \/><\/p>\n<p>Un ciclista \u00e8 stato urtato da una Fiat Panda sulla ciclabile cittadina di Mondolfo . L&#8217;uomo in bicicletta \u00e8 rimasto ferito gravemente ,mentre l&#8217;uomo in macchina si \u00e8 dato alla fuga. I residenti della zona hanno chiamato immediatamente gli operatori del 118 , dopo pochi minuti sono giunti sul posto , dopo le prime cure l&#8217;uomo \u00e8 stato trasportato all&#8217;ospedale\u00a0 della zona . La polizia locale\u00a0 sta visionando le immagini di videosorveglianza della zona per rintracciare l&#8217;uomo alla guida della Fiat Panda .<\/p>\n<p>&nbsp;<\/p>\n<p>&nbsp;<\/p>\n","protected":false},"excerpt":{"rendered":"<p>Un ciclista \u00e8 stato urtato da una Fiat Panda sulla  [&#8230;]<\/p>\n","protected":false},"author":1,"featured_media":187380,"comment_status":"open","ping_status":"open","sticky":false,"template":"","format":"standard","meta":{"footnotes":""},"categories":[8],"tags":[],"class_list":["post-187379","post","type-post","status-publish","format-standard","has-post-thumbnail","hentry","category-news"],"_links":{"self":[{"href":"https:\/\/demo.cicloturismo.it\/index.php?rest_route=\/wp\/v2\/posts\/187379","targetHints":{"allow":["GET"]}}],"collection":[{"href":"https:\/\/demo.cicloturismo.it\/index.php?rest_route=\/wp\/v2\/posts"}],"about":[{"href":"https:\/\/demo.cicloturismo.it\/index.php?rest_route=\/wp\/v2\/types\/post"}],"author":[{"embeddable":true,"href":"https:\/\/demo.cicloturismo.it\/index.php?rest_route=\/wp\/v2\/users\/1"}],"replies":[{"embeddable":true,"href":"https:\/\/demo.cicloturismo.it\/index.php?rest_route=%2Fwp%2Fv2%2Fcomments&post=187379"}],"version-history":[{"count":0,"href":"https:\/\/demo.cicloturismo.it\/index.php?rest_route=\/wp\/v2\/posts\/187379\/revisions"}],"wp:featuredmedia":[{"embeddable":true,"href":"https:\/\/demo.cicloturismo.it\/index.php?rest_route=\/"}],"wp:attachment":[{"href":"https:\/\/demo.cicloturismo.it\/index.php?rest_route=%2Fwp%2Fv2%2Fmedia&parent=187379"}],"wp:term":[{"taxonomy":"category","embeddable":true,"href":"https:\/\/demo.cicloturismo.it\/index.php?rest_route=%2Fwp%2Fv2%2Fcategories&post=187379"},{"taxonomy":"post_tag","embeddable":true,"href":"https:\/\/demo.cicloturismo.it\/index.php?rest_route=%2Fwp%2Fv2%2Ftags&post=187379"}],"curies":[{"name":"wp","href":"https:\/\/api.w.org\/{rel}","templated":true}]}}