{"id":187454,"date":"2021-07-13T15:02:41","date_gmt":"2021-07-13T13:02:41","guid":{"rendered":"https:\/\/www.cicloturismo.it\/?p=187454"},"modified":"2021-07-13T15:02:41","modified_gmt":"2021-07-13T13:02:41","slug":"nuova-ciclabile-cittadina-nel-comune-di-riccione","status":"publish","type":"post","link":"https:\/\/demo.cicloturismo.it\/?p=187454","title":{"rendered":"Nuova ciclabile cittadina nel comune di Riccione."},"content":{"rendered":"<p><img decoding=\"async\" src=\"data:image\/svg+xml,%3Csvg%20xmlns%3D%27http%3A%2F%2Fwww.w3.org%2F2000%2Fsvg%27%20width%3D%27300%27%20height%3D%27200%27%20viewBox%3D%270%200%20300%20200%27%3E%3Crect%20width%3D%27300%27%20height%3D%27200%27%20fill-opacity%3D%220%22%2F%3E%3C%2Fsvg%3E\" data-orig-src=\"https:\/\/demo.cicloturismo.it\/wp-content\/uploads\/2021\/07\/cycle-path-228126_1280-300x200.jpg\" alt=\"\" width=\"300\" height=\"200\" class=\"lazyload alignnone size-medium wp-image-187455\" \/><br \/>\nQuest&#8217;oggi sono partiti ufficialmente i lavori di costruzione della nuova via ciclabile in viale Emanuele II a Riccione, una volta ultimata  consentir\u00e0 di  collegare viale Ceccarini al quartiere Centro Studi per poi concludersi in prossimit\u00e0 del Parco della Resistenza.  L\u2019assessore all\u2019ambiente del comune spiega che &#8221; <strong>per proseguire nell&#8217;ambizioso progetto   di rendere la citt\u00e0 sempre pi\u00f9 green, ben collegata e per favorire una mobilit\u00e0 alternativa alle auto consentendo allo stesso tempo di attraversare le vari zona della citt\u00e0 in piena sicurezza&#8221;.<\/strong><\/p>\n","protected":false},"excerpt":{"rendered":"<p>Quest&#8217;oggi sono partiti ufficialmente i lavori di costruzione della nuova  [&#8230;]<\/p>\n","protected":false},"author":1,"featured_media":187455,"comment_status":"open","ping_status":"open","sticky":false,"template":"","format":"standard","meta":{"footnotes":""},"categories":[8],"tags":[],"class_list":["post-187454","post","type-post","status-publish","format-standard","has-post-thumbnail","hentry","category-news"],"_links":{"self":[{"href":"https:\/\/demo.cicloturismo.it\/index.php?rest_route=\/wp\/v2\/posts\/187454","targetHints":{"allow":["GET"]}}],"collection":[{"href":"https:\/\/demo.cicloturismo.it\/index.php?rest_route=\/wp\/v2\/posts"}],"about":[{"href":"https:\/\/demo.cicloturismo.it\/index.php?rest_route=\/wp\/v2\/types\/post"}],"author":[{"embeddable":true,"href":"https:\/\/demo.cicloturismo.it\/index.php?rest_route=\/wp\/v2\/users\/1"}],"replies":[{"embeddable":true,"href":"https:\/\/demo.cicloturismo.it\/index.php?rest_route=%2Fwp%2Fv2%2Fcomments&post=187454"}],"version-history":[{"count":0,"href":"https:\/\/demo.cicloturismo.it\/index.php?rest_route=\/wp\/v2\/posts\/187454\/revisions"}],"wp:featuredmedia":[{"embeddable":true,"href":"https:\/\/demo.cicloturismo.it\/index.php?rest_route=\/"}],"wp:attachment":[{"href":"https:\/\/demo.cicloturismo.it\/index.php?rest_route=%2Fwp%2Fv2%2Fmedia&parent=187454"}],"wp:term":[{"taxonomy":"category","embeddable":true,"href":"https:\/\/demo.cicloturismo.it\/index.php?rest_route=%2Fwp%2Fv2%2Fcategories&post=187454"},{"taxonomy":"post_tag","embeddable":true,"href":"https:\/\/demo.cicloturismo.it\/index.php?rest_route=%2Fwp%2Fv2%2Ftags&post=187454"}],"curies":[{"name":"wp","href":"https:\/\/api.w.org\/{rel}","templated":true}]}}