{"id":187541,"date":"2021-07-19T15:06:52","date_gmt":"2021-07-19T13:06:52","guid":{"rendered":"https:\/\/www.cicloturismo.it\/?p=187541"},"modified":"2021-07-19T15:06:52","modified_gmt":"2021-07-19T13:06:52","slug":"nuova-ciclabile-nel-comune-di-staranzano","status":"publish","type":"post","link":"https:\/\/demo.cicloturismo.it\/?p=187541","title":{"rendered":"Nuova ciclabile nel comune di Staranzano"},"content":{"rendered":"<p> <img decoding=\"async\" src=\"data:image\/svg+xml,%3Csvg%20xmlns%3D%27http%3A%2F%2Fwww.w3.org%2F2000%2Fsvg%27%20width%3D%27300%27%20height%3D%27200%27%20viewBox%3D%270%200%20300%20200%27%3E%3Crect%20width%3D%27300%27%20height%3D%27200%27%20fill-opacity%3D%220%22%2F%3E%3C%2Fsvg%3E\" data-orig-src=\"https:\/\/demo.cicloturismo.it\/wp-content\/uploads\/2021\/07\/bicycle-path-830216_1280-300x200.jpg\" alt=\"\" width=\"300\" height=\"200\" class=\"lazyload alignnone size-medium wp-image-187500\" \/><br \/>\nCon l&#8217;approvazione del progetto &#8221; Mar e Tiaris&#8221; , verr\u00e0 realizzata una nuova via ciclabile nel comune di Staranzano che si collegher\u00e0 con  la stazione  Trieste Airport. La nuova ciclabile si snoder\u00e0 lungo il litorale costiero , dove verranno realizzati numerosi punti  di sosta per ammirane il magnifico paesaggio della zona . <\/p>\n","protected":false},"excerpt":{"rendered":"<p>Con l&#8217;approvazione del progetto &#8221; Mar e Tiaris&#8221; , verr\u00e0  [&#8230;]<\/p>\n","protected":false},"author":1,"featured_media":187500,"comment_status":"open","ping_status":"open","sticky":false,"template":"","format":"standard","meta":{"footnotes":""},"categories":[8],"tags":[],"class_list":["post-187541","post","type-post","status-publish","format-standard","has-post-thumbnail","hentry","category-news"],"_links":{"self":[{"href":"https:\/\/demo.cicloturismo.it\/index.php?rest_route=\/wp\/v2\/posts\/187541","targetHints":{"allow":["GET"]}}],"collection":[{"href":"https:\/\/demo.cicloturismo.it\/index.php?rest_route=\/wp\/v2\/posts"}],"about":[{"href":"https:\/\/demo.cicloturismo.it\/index.php?rest_route=\/wp\/v2\/types\/post"}],"author":[{"embeddable":true,"href":"https:\/\/demo.cicloturismo.it\/index.php?rest_route=\/wp\/v2\/users\/1"}],"replies":[{"embeddable":true,"href":"https:\/\/demo.cicloturismo.it\/index.php?rest_route=%2Fwp%2Fv2%2Fcomments&post=187541"}],"version-history":[{"count":0,"href":"https:\/\/demo.cicloturismo.it\/index.php?rest_route=\/wp\/v2\/posts\/187541\/revisions"}],"wp:featuredmedia":[{"embeddable":true,"href":"https:\/\/demo.cicloturismo.it\/index.php?rest_route=\/"}],"wp:attachment":[{"href":"https:\/\/demo.cicloturismo.it\/index.php?rest_route=%2Fwp%2Fv2%2Fmedia&parent=187541"}],"wp:term":[{"taxonomy":"category","embeddable":true,"href":"https:\/\/demo.cicloturismo.it\/index.php?rest_route=%2Fwp%2Fv2%2Fcategories&post=187541"},{"taxonomy":"post_tag","embeddable":true,"href":"https:\/\/demo.cicloturismo.it\/index.php?rest_route=%2Fwp%2Fv2%2Ftags&post=187541"}],"curies":[{"name":"wp","href":"https:\/\/api.w.org\/{rel}","templated":true}]}}