{"id":187548,"date":"2021-07-20T15:11:41","date_gmt":"2021-07-20T13:11:41","guid":{"rendered":"https:\/\/www.cicloturismo.it\/?p=187548"},"modified":"2021-07-20T15:11:41","modified_gmt":"2021-07-20T13:11:41","slug":"nuova-ciclabile-nella-citta-di-sassuolo","status":"publish","type":"post","link":"https:\/\/demo.cicloturismo.it\/?p=187548","title":{"rendered":"Nuova ciclabile nella citt\u00e0 di Sassuolo ."},"content":{"rendered":"<p><img decoding=\"async\" src=\"data:image\/svg+xml,%3Csvg%20xmlns%3D%27http%3A%2F%2Fwww.w3.org%2F2000%2Fsvg%27%20width%3D%27300%27%20height%3D%27225%27%20viewBox%3D%270%200%20300%20225%27%3E%3Crect%20width%3D%27300%27%20height%3D%27225%27%20fill-opacity%3D%220%22%2F%3E%3C%2Fsvg%3E\" data-orig-src=\"https:\/\/demo.cicloturismo.it\/wp-content\/uploads\/2021\/07\/cyclist-2435505_1280-300x225.jpg\" alt=\"\" width=\"300\" height=\"225\" class=\"lazyload alignnone size-medium wp-image-187562\" \/><\/p>\n<p>Proseguano spediti i lavori della nuova ciclabile cittadina del comune  Sassuolo  . La nuova ciclabile partir\u00e0 dalla localit\u00e0 di Fiorano per poi proseguire lungo   Via Mazzini per poi concludersi nella   piazza Risorgimento  della citt\u00e0 di Sassuolo . Il sindaco della citt\u00e0 ha dichiarato &#8221; <strong>Attraverso questo intervento si amplier\u00e0 la rete ciclabile della citt\u00e0 . Dal confine con il territorio di Fiorano, al termine dei lavori, sar\u00e0 possibile raggiungere in totale sicurezza  il centro di Sassuolo in bicicletta<\/strong>&#8220;.<\/p>\n","protected":false},"excerpt":{"rendered":"<p>Proseguano spediti i lavori della nuova ciclabile cittadina del comune  [&#8230;]<\/p>\n","protected":false},"author":1,"featured_media":187562,"comment_status":"open","ping_status":"open","sticky":false,"template":"","format":"standard","meta":{"footnotes":""},"categories":[8],"tags":[],"class_list":["post-187548","post","type-post","status-publish","format-standard","has-post-thumbnail","hentry","category-news"],"_links":{"self":[{"href":"https:\/\/demo.cicloturismo.it\/index.php?rest_route=\/wp\/v2\/posts\/187548","targetHints":{"allow":["GET"]}}],"collection":[{"href":"https:\/\/demo.cicloturismo.it\/index.php?rest_route=\/wp\/v2\/posts"}],"about":[{"href":"https:\/\/demo.cicloturismo.it\/index.php?rest_route=\/wp\/v2\/types\/post"}],"author":[{"embeddable":true,"href":"https:\/\/demo.cicloturismo.it\/index.php?rest_route=\/wp\/v2\/users\/1"}],"replies":[{"embeddable":true,"href":"https:\/\/demo.cicloturismo.it\/index.php?rest_route=%2Fwp%2Fv2%2Fcomments&post=187548"}],"version-history":[{"count":0,"href":"https:\/\/demo.cicloturismo.it\/index.php?rest_route=\/wp\/v2\/posts\/187548\/revisions"}],"wp:featuredmedia":[{"embeddable":true,"href":"https:\/\/demo.cicloturismo.it\/index.php?rest_route=\/"}],"wp:attachment":[{"href":"https:\/\/demo.cicloturismo.it\/index.php?rest_route=%2Fwp%2Fv2%2Fmedia&parent=187548"}],"wp:term":[{"taxonomy":"category","embeddable":true,"href":"https:\/\/demo.cicloturismo.it\/index.php?rest_route=%2Fwp%2Fv2%2Fcategories&post=187548"},{"taxonomy":"post_tag","embeddable":true,"href":"https:\/\/demo.cicloturismo.it\/index.php?rest_route=%2Fwp%2Fv2%2Ftags&post=187548"}],"curies":[{"name":"wp","href":"https:\/\/api.w.org\/{rel}","templated":true}]}}