{"id":187667,"date":"2021-07-31T15:11:21","date_gmt":"2021-07-31T13:11:21","guid":{"rendered":"https:\/\/www.cicloturismo.it\/?p=187667"},"modified":"2021-07-31T15:11:21","modified_gmt":"2021-07-31T13:11:21","slug":"nuova-ciclabile-nella-citta-di-fiumicino-2","status":"publish","type":"post","link":"https:\/\/demo.cicloturismo.it\/?p=187667","title":{"rendered":"Nuova ciclabile nella citt\u00e0 di Fiumicino ."},"content":{"rendered":"<p><img decoding=\"async\" src=\"data:image\/svg+xml,%3Csvg%20xmlns%3D%27http%3A%2F%2Fwww.w3.org%2F2000%2Fsvg%27%20width%3D%27300%27%20height%3D%27200%27%20viewBox%3D%270%200%20300%20200%27%3E%3Crect%20width%3D%27300%27%20height%3D%27200%27%20fill-opacity%3D%220%22%2F%3E%3C%2Fsvg%3E\" data-orig-src=\"https:\/\/demo.cicloturismo.it\/wp-content\/uploads\/2021\/07\/bicycle-1209682_1280-300x200.jpg\" alt=\"\" width=\"300\" height=\"200\" class=\"lazyload alignnone size-medium wp-image-187668\" \/><\/p>\n<p>Questa mattina nella citt\u00e0 di Fiumicino, \u00e8 stato inaugurato un   nuovo tratto ciclabile in via Portunese, di 650 metri che si conclude nei pressi del Parco di  Leonardo. Alla cerimonia del taglio del nastro hanno partecipato il sindaco e all\u2019assessore Caroccia, anche il vicesindaco Ezio Di Genesio Pagliuca, la consigliera Barbara Bonanni e il consigliere Armando Fortini. Il progetto del comune prevede di realizzare entro 2023 ben 50 chilometri di nuove vie ciclabili in tutta la citt\u00e0 , cosi facendo si incentiver\u00e0 sempre di pi\u00f9 la bicicletta per gli spostamenti quotidiani in citt\u00e0 .<\/p>\n","protected":false},"excerpt":{"rendered":"<p>Questa mattina nella citt\u00e0 di Fiumicino, \u00e8 stato inaugurato un  [&#8230;]<\/p>\n","protected":false},"author":1,"featured_media":187668,"comment_status":"open","ping_status":"open","sticky":false,"template":"","format":"standard","meta":{"footnotes":""},"categories":[8],"tags":[],"class_list":["post-187667","post","type-post","status-publish","format-standard","has-post-thumbnail","hentry","category-news"],"_links":{"self":[{"href":"https:\/\/demo.cicloturismo.it\/index.php?rest_route=\/wp\/v2\/posts\/187667","targetHints":{"allow":["GET"]}}],"collection":[{"href":"https:\/\/demo.cicloturismo.it\/index.php?rest_route=\/wp\/v2\/posts"}],"about":[{"href":"https:\/\/demo.cicloturismo.it\/index.php?rest_route=\/wp\/v2\/types\/post"}],"author":[{"embeddable":true,"href":"https:\/\/demo.cicloturismo.it\/index.php?rest_route=\/wp\/v2\/users\/1"}],"replies":[{"embeddable":true,"href":"https:\/\/demo.cicloturismo.it\/index.php?rest_route=%2Fwp%2Fv2%2Fcomments&post=187667"}],"version-history":[{"count":0,"href":"https:\/\/demo.cicloturismo.it\/index.php?rest_route=\/wp\/v2\/posts\/187667\/revisions"}],"wp:featuredmedia":[{"embeddable":true,"href":"https:\/\/demo.cicloturismo.it\/index.php?rest_route=\/"}],"wp:attachment":[{"href":"https:\/\/demo.cicloturismo.it\/index.php?rest_route=%2Fwp%2Fv2%2Fmedia&parent=187667"}],"wp:term":[{"taxonomy":"category","embeddable":true,"href":"https:\/\/demo.cicloturismo.it\/index.php?rest_route=%2Fwp%2Fv2%2Fcategories&post=187667"},{"taxonomy":"post_tag","embeddable":true,"href":"https:\/\/demo.cicloturismo.it\/index.php?rest_route=%2Fwp%2Fv2%2Ftags&post=187667"}],"curies":[{"name":"wp","href":"https:\/\/api.w.org\/{rel}","templated":true}]}}