{"id":187771,"date":"2021-08-10T15:16:49","date_gmt":"2021-08-10T13:16:49","guid":{"rendered":"https:\/\/www.cicloturismo.it\/?p=187771"},"modified":"2021-08-10T15:16:49","modified_gmt":"2021-08-10T13:16:49","slug":"nuovo-finanziamento-per-la-ciclabile-treviso-ostiglia","status":"publish","type":"post","link":"https:\/\/demo.cicloturismo.it\/?p=187771","title":{"rendered":"Nuovo finanziamento  per la ciclabile Treviso-Ostiglia ."},"content":{"rendered":"<p><img decoding=\"async\" src=\"data:image\/svg+xml,%3Csvg%20xmlns%3D%27http%3A%2F%2Fwww.w3.org%2F2000%2Fsvg%27%20width%3D%27300%27%20height%3D%27200%27%20viewBox%3D%270%200%20300%20200%27%3E%3Crect%20width%3D%27300%27%20height%3D%27200%27%20fill-opacity%3D%220%22%2F%3E%3C%2Fsvg%3E\" data-orig-src=\"https:\/\/demo.cicloturismo.it\/wp-content\/uploads\/2021\/08\/person-6076771_1280-300x200.jpg\" alt=\"\" width=\"300\" height=\"200\" class=\"lazyload alignnone size-medium wp-image-187772\" \/><\/p>\n<p>La giunta Regionale del Veneto ,ha approvato quest&#8217;oggi la delibera che d\u00e0 il via libera ad un nuovo finanziamento , per la realizzazione di un nuovo lotto della ciclabile  \u201cTreviso-Ostiglia\u201d. La nuova ciclabile partir\u00e0 dalla localit\u00e0 di  Sossano per poi concludersi in prossimit\u00e0 della cittadina di Cologna Veneta , questo tratto coster\u00e0 5 milioni di euro . Questo nuovo finanziamento servir\u00e0 per completare il percorso sul territorio veronese, in parte gi\u00e0 finanziato con 7 milioni e 500mila euro, per la realizzazione di alcuni tratti di ciclabile   nella Provincia di Verona  .<\/p>\n","protected":false},"excerpt":{"rendered":"<p>La giunta Regionale del Veneto ,ha approvato quest&#8217;oggi la delibera  [&#8230;]<\/p>\n","protected":false},"author":1,"featured_media":187772,"comment_status":"open","ping_status":"open","sticky":false,"template":"","format":"standard","meta":{"footnotes":""},"categories":[8],"tags":[],"class_list":["post-187771","post","type-post","status-publish","format-standard","has-post-thumbnail","hentry","category-news"],"_links":{"self":[{"href":"https:\/\/demo.cicloturismo.it\/index.php?rest_route=\/wp\/v2\/posts\/187771","targetHints":{"allow":["GET"]}}],"collection":[{"href":"https:\/\/demo.cicloturismo.it\/index.php?rest_route=\/wp\/v2\/posts"}],"about":[{"href":"https:\/\/demo.cicloturismo.it\/index.php?rest_route=\/wp\/v2\/types\/post"}],"author":[{"embeddable":true,"href":"https:\/\/demo.cicloturismo.it\/index.php?rest_route=\/wp\/v2\/users\/1"}],"replies":[{"embeddable":true,"href":"https:\/\/demo.cicloturismo.it\/index.php?rest_route=%2Fwp%2Fv2%2Fcomments&post=187771"}],"version-history":[{"count":0,"href":"https:\/\/demo.cicloturismo.it\/index.php?rest_route=\/wp\/v2\/posts\/187771\/revisions"}],"wp:featuredmedia":[{"embeddable":true,"href":"https:\/\/demo.cicloturismo.it\/index.php?rest_route=\/"}],"wp:attachment":[{"href":"https:\/\/demo.cicloturismo.it\/index.php?rest_route=%2Fwp%2Fv2%2Fmedia&parent=187771"}],"wp:term":[{"taxonomy":"category","embeddable":true,"href":"https:\/\/demo.cicloturismo.it\/index.php?rest_route=%2Fwp%2Fv2%2Fcategories&post=187771"},{"taxonomy":"post_tag","embeddable":true,"href":"https:\/\/demo.cicloturismo.it\/index.php?rest_route=%2Fwp%2Fv2%2Ftags&post=187771"}],"curies":[{"name":"wp","href":"https:\/\/api.w.org\/{rel}","templated":true}]}}