{"id":187777,"date":"2021-08-11T14:59:35","date_gmt":"2021-08-11T12:59:35","guid":{"rendered":"https:\/\/www.cicloturismo.it\/?p=187777"},"modified":"2021-08-11T14:59:35","modified_gmt":"2021-08-11T12:59:35","slug":"nuova-ciclabile-nel-comune-di-aprilia","status":"publish","type":"post","link":"https:\/\/demo.cicloturismo.it\/?p=187777","title":{"rendered":"Nuova ciclabile nel comune di Aprilia"},"content":{"rendered":"<p><img decoding=\"async\" src=\"data:image\/svg+xml,%3Csvg%20xmlns%3D%27http%3A%2F%2Fwww.w3.org%2F2000%2Fsvg%27%20width%3D%27300%27%20height%3D%27200%27%20viewBox%3D%270%200%20300%20200%27%3E%3Crect%20width%3D%27300%27%20height%3D%27200%27%20fill-opacity%3D%220%22%2F%3E%3C%2Fsvg%3E\" data-orig-src=\"https:\/\/demo.cicloturismo.it\/wp-content\/uploads\/2021\/08\/bicycle-path-3862341_1280-300x200.jpg\" alt=\"\" width=\"300\" height=\"200\" class=\"lazyload alignnone size-medium wp-image-187778\" \/><\/p>\n<p>Ieri pomeriggio la giunta Comunale di Aprilia ha dato il via libera ai lavori di costruzione dell&#8217;anello ciclabile nel centro citt\u00e0. In un primo momento i lavori riguarderanno il rinnovo del percorso gi\u00e0 esistente su  via Aldo Moro\/via Guido Rossa e poi si proceder\u00e0 con la costruzione  del nuovo  tratto di  Parco Friuli-via Cattaneo. Il costo dei lavori sar\u00e0 di circa 265 mila euro ,il progetto \u00e8 stato finanziato interamente  dal  Ministero delle Infrastrutture e dei Trasporti.<\/p>\n","protected":false},"excerpt":{"rendered":"<p>Ieri pomeriggio la giunta Comunale di Aprilia ha dato il  [&#8230;]<\/p>\n","protected":false},"author":1,"featured_media":187778,"comment_status":"open","ping_status":"open","sticky":false,"template":"","format":"standard","meta":{"footnotes":""},"categories":[8],"tags":[],"class_list":["post-187777","post","type-post","status-publish","format-standard","has-post-thumbnail","hentry","category-news"],"_links":{"self":[{"href":"https:\/\/demo.cicloturismo.it\/index.php?rest_route=\/wp\/v2\/posts\/187777","targetHints":{"allow":["GET"]}}],"collection":[{"href":"https:\/\/demo.cicloturismo.it\/index.php?rest_route=\/wp\/v2\/posts"}],"about":[{"href":"https:\/\/demo.cicloturismo.it\/index.php?rest_route=\/wp\/v2\/types\/post"}],"author":[{"embeddable":true,"href":"https:\/\/demo.cicloturismo.it\/index.php?rest_route=\/wp\/v2\/users\/1"}],"replies":[{"embeddable":true,"href":"https:\/\/demo.cicloturismo.it\/index.php?rest_route=%2Fwp%2Fv2%2Fcomments&post=187777"}],"version-history":[{"count":0,"href":"https:\/\/demo.cicloturismo.it\/index.php?rest_route=\/wp\/v2\/posts\/187777\/revisions"}],"wp:featuredmedia":[{"embeddable":true,"href":"https:\/\/demo.cicloturismo.it\/index.php?rest_route=\/"}],"wp:attachment":[{"href":"https:\/\/demo.cicloturismo.it\/index.php?rest_route=%2Fwp%2Fv2%2Fmedia&parent=187777"}],"wp:term":[{"taxonomy":"category","embeddable":true,"href":"https:\/\/demo.cicloturismo.it\/index.php?rest_route=%2Fwp%2Fv2%2Fcategories&post=187777"},{"taxonomy":"post_tag","embeddable":true,"href":"https:\/\/demo.cicloturismo.it\/index.php?rest_route=%2Fwp%2Fv2%2Ftags&post=187777"}],"curies":[{"name":"wp","href":"https:\/\/api.w.org\/{rel}","templated":true}]}}