{"id":187828,"date":"2021-08-16T15:12:50","date_gmt":"2021-08-16T13:12:50","guid":{"rendered":"https:\/\/www.cicloturismo.it\/?p=187828"},"modified":"2021-08-16T15:12:50","modified_gmt":"2021-08-16T13:12:50","slug":"nuova-ciclabile-nel-comune-di-porto-san-giorgio","status":"publish","type":"post","link":"https:\/\/demo.cicloturismo.it\/?p=187828","title":{"rendered":"Nuova ciclabile nel comune di  Porto San Giorgio ."},"content":{"rendered":"<p><img decoding=\"async\" src=\"data:image\/svg+xml,%3Csvg%20xmlns%3D%27http%3A%2F%2Fwww.w3.org%2F2000%2Fsvg%27%20width%3D%27300%27%20height%3D%27200%27%20viewBox%3D%270%200%20300%20200%27%3E%3Crect%20width%3D%27300%27%20height%3D%27200%27%20fill-opacity%3D%220%22%2F%3E%3C%2Fsvg%3E\" data-orig-src=\"https:\/\/demo.cicloturismo.it\/wp-content\/uploads\/2021\/08\/bicycles-1246597_1280-300x200.jpg\" alt=\"\" width=\"300\" height=\"200\" class=\"lazyload alignnone size-medium wp-image-187829\" \/><\/p>\n<p>La Giunta comunale di Porto San Giorgio  ha approvato il progetto esecutivo della nuova via ciclabile sul lungomare Gramsci . La ciclabile verr\u00e0 costruita con fondi regionali per un costo complessivo di 183 mila euro .La nuova ciclabile partir\u00e0 dal confine del Lido di Fermo per poi unirsi con la ciclabile gi\u00e0 esistenze nel quartiere sud della citt\u00e0, tra qualche mese sara collegata al ponte della foce del Fiume Ete .   <\/p>\n","protected":false},"excerpt":{"rendered":"<p>La Giunta comunale di Porto San Giorgio ha approvato il  [&#8230;]<\/p>\n","protected":false},"author":1,"featured_media":187829,"comment_status":"open","ping_status":"open","sticky":false,"template":"","format":"standard","meta":{"footnotes":""},"categories":[8],"tags":[],"class_list":["post-187828","post","type-post","status-publish","format-standard","has-post-thumbnail","hentry","category-news"],"_links":{"self":[{"href":"https:\/\/demo.cicloturismo.it\/index.php?rest_route=\/wp\/v2\/posts\/187828","targetHints":{"allow":["GET"]}}],"collection":[{"href":"https:\/\/demo.cicloturismo.it\/index.php?rest_route=\/wp\/v2\/posts"}],"about":[{"href":"https:\/\/demo.cicloturismo.it\/index.php?rest_route=\/wp\/v2\/types\/post"}],"author":[{"embeddable":true,"href":"https:\/\/demo.cicloturismo.it\/index.php?rest_route=\/wp\/v2\/users\/1"}],"replies":[{"embeddable":true,"href":"https:\/\/demo.cicloturismo.it\/index.php?rest_route=%2Fwp%2Fv2%2Fcomments&post=187828"}],"version-history":[{"count":0,"href":"https:\/\/demo.cicloturismo.it\/index.php?rest_route=\/wp\/v2\/posts\/187828\/revisions"}],"wp:featuredmedia":[{"embeddable":true,"href":"https:\/\/demo.cicloturismo.it\/index.php?rest_route=\/"}],"wp:attachment":[{"href":"https:\/\/demo.cicloturismo.it\/index.php?rest_route=%2Fwp%2Fv2%2Fmedia&parent=187828"}],"wp:term":[{"taxonomy":"category","embeddable":true,"href":"https:\/\/demo.cicloturismo.it\/index.php?rest_route=%2Fwp%2Fv2%2Fcategories&post=187828"},{"taxonomy":"post_tag","embeddable":true,"href":"https:\/\/demo.cicloturismo.it\/index.php?rest_route=%2Fwp%2Fv2%2Ftags&post=187828"}],"curies":[{"name":"wp","href":"https:\/\/api.w.org\/{rel}","templated":true}]}}