{"id":188043,"date":"2021-08-30T15:20:25","date_gmt":"2021-08-30T13:20:25","guid":{"rendered":"https:\/\/www.cicloturismo.it\/?p=188043"},"modified":"2021-08-30T15:20:25","modified_gmt":"2021-08-30T13:20:25","slug":"valprato-soana-dipendenti-comunali-al-lavoro-in-bicicletta","status":"publish","type":"post","link":"https:\/\/demo.cicloturismo.it\/?p=188043","title":{"rendered":"Valprato Soana, dipendenti comunali al lavoro in bicicletta ."},"content":{"rendered":"<p><img decoding=\"async\" class=\"lazyload alignnone size-medium wp-image-188044\" src=\"data:image\/svg+xml,%3Csvg%20xmlns%3D%27http%3A%2F%2Fwww.w3.org%2F2000%2Fsvg%27%20width%3D%27300%27%20height%3D%27213%27%20viewBox%3D%270%200%20300%20213%27%3E%3Crect%20width%3D%27300%27%20height%3D%27213%27%20fill-opacity%3D%220%22%2F%3E%3C%2Fsvg%3E\" data-orig-src=\"https:\/\/demo.cicloturismo.it\/wp-content\/uploads\/2021\/08\/pair-1867051_1280-300x213.jpg\" alt=\"\" width=\"300\" height=\"213\" \/><\/p>\n<p>Nel Comune di Valprato Soana \u00e8 nata una bellissima\u00a0 iniziativa ecologica\u00a0 . Il progetto prevede di fornire a ogni dipende\u00a0 comunale\u00a0 una bicicletta elettrica , da utilizzare in alternativa alle auto per raggiunge il posto di lavoro. Inoltre a settembre entra in servizio il nuovo bus elettrico che servir\u00e0 per il trasporto degli alunni . Il sindaco Bozzato ha dichiarato , che &#8220;<strong>Il territorio sempre pi\u00f9 attento alla natura, sempre pi\u00f9 ecosostenibile, sempre pi\u00f9 proiettato verso un futuro nel quale il comune di Valprato Soana e gli altri comuni della Valle potranno gradualmente e concretamente ridurre le emissioni inquinanti&#8221;.<\/strong><\/p>\n<p>&nbsp;<\/p>\n","protected":false},"excerpt":{"rendered":"<p>Nel Comune di Valprato Soana \u00e8 nata una bellissima\u00a0 iniziativa  [&#8230;]<\/p>\n","protected":false},"author":1,"featured_media":188044,"comment_status":"open","ping_status":"open","sticky":false,"template":"","format":"standard","meta":{"footnotes":""},"categories":[8],"tags":[],"class_list":["post-188043","post","type-post","status-publish","format-standard","has-post-thumbnail","hentry","category-news"],"_links":{"self":[{"href":"https:\/\/demo.cicloturismo.it\/index.php?rest_route=\/wp\/v2\/posts\/188043","targetHints":{"allow":["GET"]}}],"collection":[{"href":"https:\/\/demo.cicloturismo.it\/index.php?rest_route=\/wp\/v2\/posts"}],"about":[{"href":"https:\/\/demo.cicloturismo.it\/index.php?rest_route=\/wp\/v2\/types\/post"}],"author":[{"embeddable":true,"href":"https:\/\/demo.cicloturismo.it\/index.php?rest_route=\/wp\/v2\/users\/1"}],"replies":[{"embeddable":true,"href":"https:\/\/demo.cicloturismo.it\/index.php?rest_route=%2Fwp%2Fv2%2Fcomments&post=188043"}],"version-history":[{"count":0,"href":"https:\/\/demo.cicloturismo.it\/index.php?rest_route=\/wp\/v2\/posts\/188043\/revisions"}],"wp:featuredmedia":[{"embeddable":true,"href":"https:\/\/demo.cicloturismo.it\/index.php?rest_route=\/"}],"wp:attachment":[{"href":"https:\/\/demo.cicloturismo.it\/index.php?rest_route=%2Fwp%2Fv2%2Fmedia&parent=188043"}],"wp:term":[{"taxonomy":"category","embeddable":true,"href":"https:\/\/demo.cicloturismo.it\/index.php?rest_route=%2Fwp%2Fv2%2Fcategories&post=188043"},{"taxonomy":"post_tag","embeddable":true,"href":"https:\/\/demo.cicloturismo.it\/index.php?rest_route=%2Fwp%2Fv2%2Ftags&post=188043"}],"curies":[{"name":"wp","href":"https:\/\/api.w.org\/{rel}","templated":true}]}}