{"id":188049,"date":"2021-08-31T15:03:32","date_gmt":"2021-08-31T13:03:32","guid":{"rendered":"https:\/\/www.cicloturismo.it\/?p=188049"},"modified":"2021-08-31T15:03:32","modified_gmt":"2021-08-31T13:03:32","slug":"nuova-ciclabile-nella-citta-di-ferrara","status":"publish","type":"post","link":"https:\/\/demo.cicloturismo.it\/?p=188049","title":{"rendered":"Nuova ciclabile nella citt\u00e0 di Ferrara  ."},"content":{"rendered":"<p><img decoding=\"async\" src=\"data:image\/svg+xml,%3Csvg%20xmlns%3D%27http%3A%2F%2Fwww.w3.org%2F2000%2Fsvg%27%20width%3D%27300%27%20height%3D%27200%27%20viewBox%3D%270%200%20300%20200%27%3E%3Crect%20width%3D%27300%27%20height%3D%27200%27%20fill-opacity%3D%220%22%2F%3E%3C%2Fsvg%3E\" data-orig-src=\"https:\/\/demo.cicloturismo.it\/wp-content\/uploads\/2021\/08\/cycling-3466004_1280-300x200.jpg\" alt=\"\" width=\"300\" height=\"200\" class=\"lazyload alignnone size-medium wp-image-188050\" \/><\/p>\n<p>Quest&#8217;oggi \u00e8 stata aperta  ufficializzate alle  bicicletta la nuova ciclabile di Via Copparo . Il sindaco della citt\u00e0 di Ferrara  Nicola Lodi ha annunciato &#8220;Sono gi\u00e0 in corso nuove progettazioni e ci apprestiamo a inaugurare anche il nuovo tratto di via Bologna&#8221;.Questo nuovo tratto di  ciclabile si aggiunger\u00e0 ai 170 chilometri di piste  ciclabili cittadine gi\u00e0 esistenti . L&#8217;amministrazione comunale ha deciso di puntate tutto sulla bicicletta per gli spostamenti in citt\u00e0.<\/p>\n","protected":false},"excerpt":{"rendered":"<p>Quest&#8217;oggi \u00e8 stata aperta ufficializzate alle bicicletta la nuova ciclabile  [&#8230;]<\/p>\n","protected":false},"author":1,"featured_media":188050,"comment_status":"open","ping_status":"open","sticky":false,"template":"","format":"standard","meta":{"footnotes":""},"categories":[8],"tags":[],"class_list":["post-188049","post","type-post","status-publish","format-standard","has-post-thumbnail","hentry","category-news"],"_links":{"self":[{"href":"https:\/\/demo.cicloturismo.it\/index.php?rest_route=\/wp\/v2\/posts\/188049","targetHints":{"allow":["GET"]}}],"collection":[{"href":"https:\/\/demo.cicloturismo.it\/index.php?rest_route=\/wp\/v2\/posts"}],"about":[{"href":"https:\/\/demo.cicloturismo.it\/index.php?rest_route=\/wp\/v2\/types\/post"}],"author":[{"embeddable":true,"href":"https:\/\/demo.cicloturismo.it\/index.php?rest_route=\/wp\/v2\/users\/1"}],"replies":[{"embeddable":true,"href":"https:\/\/demo.cicloturismo.it\/index.php?rest_route=%2Fwp%2Fv2%2Fcomments&post=188049"}],"version-history":[{"count":0,"href":"https:\/\/demo.cicloturismo.it\/index.php?rest_route=\/wp\/v2\/posts\/188049\/revisions"}],"wp:featuredmedia":[{"embeddable":true,"href":"https:\/\/demo.cicloturismo.it\/index.php?rest_route=\/"}],"wp:attachment":[{"href":"https:\/\/demo.cicloturismo.it\/index.php?rest_route=%2Fwp%2Fv2%2Fmedia&parent=188049"}],"wp:term":[{"taxonomy":"category","embeddable":true,"href":"https:\/\/demo.cicloturismo.it\/index.php?rest_route=%2Fwp%2Fv2%2Fcategories&post=188049"},{"taxonomy":"post_tag","embeddable":true,"href":"https:\/\/demo.cicloturismo.it\/index.php?rest_route=%2Fwp%2Fv2%2Ftags&post=188049"}],"curies":[{"name":"wp","href":"https:\/\/api.w.org\/{rel}","templated":true}]}}