{"id":188080,"date":"2021-09-02T15:52:39","date_gmt":"2021-09-02T13:52:39","guid":{"rendered":"https:\/\/www.cicloturismo.it\/?p=188080"},"modified":"2021-09-02T15:52:39","modified_gmt":"2021-09-02T13:52:39","slug":"nuova-ciclabile-nella-citta-di-chieti","status":"publish","type":"post","link":"https:\/\/demo.cicloturismo.it\/?p=188080","title":{"rendered":"Nuova ciclabile nella citt\u00e0 di Chieti."},"content":{"rendered":"<p><img decoding=\"async\" class=\"lazyload alignnone size-medium wp-image-188081\" src=\"data:image\/svg+xml,%3Csvg%20xmlns%3D%27http%3A%2F%2Fwww.w3.org%2F2000%2Fsvg%27%20width%3D%27300%27%20height%3D%27225%27%20viewBox%3D%270%200%20300%20225%27%3E%3Crect%20width%3D%27300%27%20height%3D%27225%27%20fill-opacity%3D%220%22%2F%3E%3C%2Fsvg%3E\" data-orig-src=\"https:\/\/demo.cicloturismo.it\/wp-content\/uploads\/2021\/09\/brazil-1537069_1280-300x225.jpg\" alt=\"\" width=\"300\" height=\"225\" \/><\/p>\n<p>Questa\u00a0 mattina\u00a0 nella citt\u00e0 di Chieti\u00a0 sono iniziati\u00a0 ufficialmente\u00a0 i lavori per la realizzazione\u00a0 di una nuova ciclabile cittadina.\u00a0 La ciclabile\u00a0 sorger\u00e0\u00a0 in via Pescara\u00a0 ,all&#8217;incrocio con via Teramo. L&#8217;intervento\u00a0 \u00e8\u00a0 stato finanziato\u00a0 con fondi Por Fesr Abruzzo , per un totale di 365.500 euro. Il sindaco\u00a0 della citt\u00e0\u00a0 ha dichiarato\u00a0 &#8220;<strong>Si tratta di un progetto molto importante per la citt\u00e0 , che una volta insediati abbiamo subito sollecitato, perch\u00e9 diventasse realt\u00e0, quello della pista ciclopedonale di 4 chilometri di percorso che da via Amiterno arriva al campus universitario. I lavori sono partiti dal primo tratto di via Pescara, dove la pista si articoler\u00e0 sul marciapiede destro in direzione stadio, per passare, da progetto originario, sul lato sinistro della strada, sempre sul marciapiedi, in modo da agevolare al meglio la circolazione sulla via, passando anche su via Palizzi, via Bellini, via Caduti sul Lavoro, via Amiterno e, infine, approdando allo stadio Angelini. Stiamo vagliando anche alcuni aggiustamenti, in nome di una maggiore sicurezza del transito di tutte le utenze, sia i pedoni, che i ciclisti e gli automobilisti, intervenendo anche su via Pescara&#8221;.<\/strong><\/p>\n","protected":false},"excerpt":{"rendered":"<p>Questa\u00a0 mattina\u00a0 nella citt\u00e0 di Chieti\u00a0 sono iniziati\u00a0 ufficialmente\u00a0 i  [&#8230;]<\/p>\n","protected":false},"author":1,"featured_media":188081,"comment_status":"open","ping_status":"open","sticky":false,"template":"","format":"standard","meta":{"footnotes":""},"categories":[8],"tags":[],"class_list":["post-188080","post","type-post","status-publish","format-standard","has-post-thumbnail","hentry","category-news"],"_links":{"self":[{"href":"https:\/\/demo.cicloturismo.it\/index.php?rest_route=\/wp\/v2\/posts\/188080","targetHints":{"allow":["GET"]}}],"collection":[{"href":"https:\/\/demo.cicloturismo.it\/index.php?rest_route=\/wp\/v2\/posts"}],"about":[{"href":"https:\/\/demo.cicloturismo.it\/index.php?rest_route=\/wp\/v2\/types\/post"}],"author":[{"embeddable":true,"href":"https:\/\/demo.cicloturismo.it\/index.php?rest_route=\/wp\/v2\/users\/1"}],"replies":[{"embeddable":true,"href":"https:\/\/demo.cicloturismo.it\/index.php?rest_route=%2Fwp%2Fv2%2Fcomments&post=188080"}],"version-history":[{"count":0,"href":"https:\/\/demo.cicloturismo.it\/index.php?rest_route=\/wp\/v2\/posts\/188080\/revisions"}],"wp:featuredmedia":[{"embeddable":true,"href":"https:\/\/demo.cicloturismo.it\/index.php?rest_route=\/"}],"wp:attachment":[{"href":"https:\/\/demo.cicloturismo.it\/index.php?rest_route=%2Fwp%2Fv2%2Fmedia&parent=188080"}],"wp:term":[{"taxonomy":"category","embeddable":true,"href":"https:\/\/demo.cicloturismo.it\/index.php?rest_route=%2Fwp%2Fv2%2Fcategories&post=188080"},{"taxonomy":"post_tag","embeddable":true,"href":"https:\/\/demo.cicloturismo.it\/index.php?rest_route=%2Fwp%2Fv2%2Ftags&post=188080"}],"curies":[{"name":"wp","href":"https:\/\/api.w.org\/{rel}","templated":true}]}}