{"id":188102,"date":"2021-09-04T15:02:15","date_gmt":"2021-09-04T13:02:15","guid":{"rendered":"https:\/\/www.cicloturismo.it\/?p=188102"},"modified":"2021-09-04T15:02:15","modified_gmt":"2021-09-04T13:02:15","slug":"intitolata-a-graziano-battistini-la-ciclabile-a-pegazzano","status":"publish","type":"post","link":"https:\/\/demo.cicloturismo.it\/?p=188102","title":{"rendered":"Intitolata a Graziano Battistini la ciclabile a Pegazzano."},"content":{"rendered":"<p><img decoding=\"async\" class=\"lazyload alignnone size-medium wp-image-188103\" src=\"data:image\/svg+xml,%3Csvg%20xmlns%3D%27http%3A%2F%2Fwww.w3.org%2F2000%2Fsvg%27%20width%3D%27300%27%20height%3D%27200%27%20viewBox%3D%270%200%20300%20200%27%3E%3Crect%20width%3D%27300%27%20height%3D%27200%27%20fill-opacity%3D%220%22%2F%3E%3C%2Fsvg%3E\" data-orig-src=\"https:\/\/demo.cicloturismo.it\/wp-content\/uploads\/2021\/09\/bicycle-834749_1280-300x200.jpg\" alt=\"\" width=\"300\" height=\"200\" \/><\/p>\n<p>Lo scorso gioved\u00ec nella citt\u00e0 della Spezia , si \u00e8 svolta la cerimonia di intitolazione\u00a0 della ciclabile che parte da Pergazzo per poi concludersi a Fabiano Basso all&#8217;indimenticabile\u00a0 ciclista spezzino Graziano Battistini. Alla cerimonia hanno partecipato il Sindaco\u00a0 Pierluigi Peracchini, la moglie di Battistini, Luisa Ferrari, la figlia Diana,con la partecipazione dell&#8217;assessore Maria Grazia Frijia. Il sindaco della citt\u00e0 ha dichiarato &#8221; \u00c8 stato un momento molto emozionate \u00a0intitolare a Graziano Battistini parte della pista ciclabile che unisce Pegazzano a Fabiano Basso, a due passi dal Museo del Ciclismo della citt\u00e0&#8221;.<\/p>\n<p>&nbsp;<\/p>\n<p>&nbsp;<\/p>\n","protected":false},"excerpt":{"rendered":"<p>Lo scorso gioved\u00ec nella citt\u00e0 della Spezia , si \u00e8  [&#8230;]<\/p>\n","protected":false},"author":1,"featured_media":188103,"comment_status":"open","ping_status":"open","sticky":false,"template":"","format":"standard","meta":{"footnotes":""},"categories":[8],"tags":[],"class_list":["post-188102","post","type-post","status-publish","format-standard","has-post-thumbnail","hentry","category-news"],"_links":{"self":[{"href":"https:\/\/demo.cicloturismo.it\/index.php?rest_route=\/wp\/v2\/posts\/188102","targetHints":{"allow":["GET"]}}],"collection":[{"href":"https:\/\/demo.cicloturismo.it\/index.php?rest_route=\/wp\/v2\/posts"}],"about":[{"href":"https:\/\/demo.cicloturismo.it\/index.php?rest_route=\/wp\/v2\/types\/post"}],"author":[{"embeddable":true,"href":"https:\/\/demo.cicloturismo.it\/index.php?rest_route=\/wp\/v2\/users\/1"}],"replies":[{"embeddable":true,"href":"https:\/\/demo.cicloturismo.it\/index.php?rest_route=%2Fwp%2Fv2%2Fcomments&post=188102"}],"version-history":[{"count":0,"href":"https:\/\/demo.cicloturismo.it\/index.php?rest_route=\/wp\/v2\/posts\/188102\/revisions"}],"wp:featuredmedia":[{"embeddable":true,"href":"https:\/\/demo.cicloturismo.it\/index.php?rest_route=\/"}],"wp:attachment":[{"href":"https:\/\/demo.cicloturismo.it\/index.php?rest_route=%2Fwp%2Fv2%2Fmedia&parent=188102"}],"wp:term":[{"taxonomy":"category","embeddable":true,"href":"https:\/\/demo.cicloturismo.it\/index.php?rest_route=%2Fwp%2Fv2%2Fcategories&post=188102"},{"taxonomy":"post_tag","embeddable":true,"href":"https:\/\/demo.cicloturismo.it\/index.php?rest_route=%2Fwp%2Fv2%2Ftags&post=188102"}],"curies":[{"name":"wp","href":"https:\/\/api.w.org\/{rel}","templated":true}]}}