{"id":188227,"date":"2021-09-13T15:04:54","date_gmt":"2021-09-13T13:04:54","guid":{"rendered":"https:\/\/www.cicloturismo.it\/?p=188227"},"modified":"2021-09-13T15:04:54","modified_gmt":"2021-09-13T13:04:54","slug":"nuova-ciclabile-cittadina-nel-comune-di-san-giovanni-valdarno","status":"publish","type":"post","link":"https:\/\/demo.cicloturismo.it\/?p=188227","title":{"rendered":"Nuova ciclabile nel comune di San Giovanni Valdarno."},"content":{"rendered":"<p><img decoding=\"async\" class=\"lazyload alignnone size-medium wp-image-188228\" src=\"data:image\/svg+xml,%3Csvg%20xmlns%3D%27http%3A%2F%2Fwww.w3.org%2F2000%2Fsvg%27%20width%3D%27300%27%20height%3D%27200%27%20viewBox%3D%270%200%20300%20200%27%3E%3Crect%20width%3D%27300%27%20height%3D%27200%27%20fill-opacity%3D%220%22%2F%3E%3C%2Fsvg%3E\" data-orig-src=\"https:\/\/demo.cicloturismo.it\/wp-content\/uploads\/2021\/09\/bike-path-228126_1280-300x200.jpg\" alt=\"\" width=\"300\" height=\"200\" \/><\/p>\n<p>Questa mattina \u00e8 stata inaugurata la pista ciclabile\u00a0\u00a0 di via Genova a San Giovanni Valdarno\u00a0 che metter\u00e0 in comunicazione il centro storico della citt\u00e0 all\u2019area sportiva e al polo scolastico . Un tratto di ciclabile si unir\u00e0 a quello gi\u00e0 esistente che arriva da\u00a0 via Napoli e che a sua volta, si unir\u00e0 al tratto di\u00a0 viale Gramsci e all\u2019area scolastica\u00a0 di Piazza Casprini. Il sindaco della citt\u00e0 ha dichiara\u00a0 &#8220;<em>\u201c<\/em><strong>Siamo contenti di avere inaugurato, stamani, il tratto di pista ciclabile che collega via Genova al plesso Don Milani. E\u2019 un tratto breve, ma che si inserisce in una rete articolata di piste ciclabili e ricuciture di tratti ciclabili gi\u00e0 esistenti alla quale stiamo lavorando per favorire una mobilit\u00e0 sostenibile, pulita e sana nella nostra citt\u00e0\u201d<\/strong><\/p>\n<p>&nbsp;<\/p>\n<p>&nbsp;<\/p>\n","protected":false},"excerpt":{"rendered":"<p>Questa mattina \u00e8 stata inaugurata la pista ciclabile\u00a0\u00a0 di via  [&#8230;]<\/p>\n","protected":false},"author":1,"featured_media":188228,"comment_status":"open","ping_status":"open","sticky":false,"template":"","format":"standard","meta":{"footnotes":""},"categories":[8],"tags":[],"class_list":["post-188227","post","type-post","status-publish","format-standard","has-post-thumbnail","hentry","category-news"],"_links":{"self":[{"href":"https:\/\/demo.cicloturismo.it\/index.php?rest_route=\/wp\/v2\/posts\/188227","targetHints":{"allow":["GET"]}}],"collection":[{"href":"https:\/\/demo.cicloturismo.it\/index.php?rest_route=\/wp\/v2\/posts"}],"about":[{"href":"https:\/\/demo.cicloturismo.it\/index.php?rest_route=\/wp\/v2\/types\/post"}],"author":[{"embeddable":true,"href":"https:\/\/demo.cicloturismo.it\/index.php?rest_route=\/wp\/v2\/users\/1"}],"replies":[{"embeddable":true,"href":"https:\/\/demo.cicloturismo.it\/index.php?rest_route=%2Fwp%2Fv2%2Fcomments&post=188227"}],"version-history":[{"count":0,"href":"https:\/\/demo.cicloturismo.it\/index.php?rest_route=\/wp\/v2\/posts\/188227\/revisions"}],"wp:featuredmedia":[{"embeddable":true,"href":"https:\/\/demo.cicloturismo.it\/index.php?rest_route=\/"}],"wp:attachment":[{"href":"https:\/\/demo.cicloturismo.it\/index.php?rest_route=%2Fwp%2Fv2%2Fmedia&parent=188227"}],"wp:term":[{"taxonomy":"category","embeddable":true,"href":"https:\/\/demo.cicloturismo.it\/index.php?rest_route=%2Fwp%2Fv2%2Fcategories&post=188227"},{"taxonomy":"post_tag","embeddable":true,"href":"https:\/\/demo.cicloturismo.it\/index.php?rest_route=%2Fwp%2Fv2%2Ftags&post=188227"}],"curies":[{"name":"wp","href":"https:\/\/api.w.org\/{rel}","templated":true}]}}