{"id":188280,"date":"2021-09-16T15:09:47","date_gmt":"2021-09-16T13:09:47","guid":{"rendered":"https:\/\/www.cicloturismo.it\/?p=188280"},"modified":"2021-09-16T15:09:47","modified_gmt":"2021-09-16T13:09:47","slug":"nuova-ciclabile-nel-comune-di-san-martino","status":"publish","type":"post","link":"https:\/\/demo.cicloturismo.it\/?p=188280","title":{"rendered":"Nuova ciclabile nel comune di San Martino ."},"content":{"rendered":"<p><img decoding=\"async\" src=\"data:image\/svg+xml,%3Csvg%20xmlns%3D%27http%3A%2F%2Fwww.w3.org%2F2000%2Fsvg%27%20width%3D%27300%27%20height%3D%27200%27%20viewBox%3D%270%200%20300%20200%27%3E%3Crect%20width%3D%27300%27%20height%3D%27200%27%20fill-opacity%3D%220%22%2F%3E%3C%2Fsvg%3E\" data-orig-src=\"https:\/\/demo.cicloturismo.it\/wp-content\/uploads\/2021\/09\/bicycle-6610507_1280-300x200.jpg\" alt=\"\" width=\"300\" height=\"200\" class=\"lazyload alignnone size-medium wp-image-188281\" \/><\/p>\n<p>Ieri pomeriggio nella cittadina di San Martino \u00e8 stata inaugurata un nuova ciclabile di circa 900 metri . La nuova ciclabile urbana unir\u00e0 il centro citt\u00e0 alla frazione di Sesto Pergola, l&#8217;opera \u00e8 costata un milione di euro interamente frutto di accostamenti di bilancio del comune.Lungo la ciclabile \u00e8 stato installato un impianto di illuminazione a led e un impianto di videosorvegliata. Il sindaco della citt\u00e0 ha dichiarato che &#8221; Quando vengo qui, mi ritornano in mente i momenti che in qualche modo hanno segnato la realizzazione di quest\u2019opera. Dal solo idearla qualche anno fa, fino all\u2019approvazione dei progetti, passando per la pubblicazione della gara alla realizzazione\u00bb.\u00a0<\/p>\n","protected":false},"excerpt":{"rendered":"<p>Ieri pomeriggio nella cittadina di San Martino \u00e8 stata inaugurata  [&#8230;]<\/p>\n","protected":false},"author":1,"featured_media":188281,"comment_status":"open","ping_status":"open","sticky":false,"template":"","format":"standard","meta":{"footnotes":""},"categories":[8],"tags":[],"class_list":["post-188280","post","type-post","status-publish","format-standard","has-post-thumbnail","hentry","category-news"],"_links":{"self":[{"href":"https:\/\/demo.cicloturismo.it\/index.php?rest_route=\/wp\/v2\/posts\/188280","targetHints":{"allow":["GET"]}}],"collection":[{"href":"https:\/\/demo.cicloturismo.it\/index.php?rest_route=\/wp\/v2\/posts"}],"about":[{"href":"https:\/\/demo.cicloturismo.it\/index.php?rest_route=\/wp\/v2\/types\/post"}],"author":[{"embeddable":true,"href":"https:\/\/demo.cicloturismo.it\/index.php?rest_route=\/wp\/v2\/users\/1"}],"replies":[{"embeddable":true,"href":"https:\/\/demo.cicloturismo.it\/index.php?rest_route=%2Fwp%2Fv2%2Fcomments&post=188280"}],"version-history":[{"count":0,"href":"https:\/\/demo.cicloturismo.it\/index.php?rest_route=\/wp\/v2\/posts\/188280\/revisions"}],"wp:featuredmedia":[{"embeddable":true,"href":"https:\/\/demo.cicloturismo.it\/index.php?rest_route=\/"}],"wp:attachment":[{"href":"https:\/\/demo.cicloturismo.it\/index.php?rest_route=%2Fwp%2Fv2%2Fmedia&parent=188280"}],"wp:term":[{"taxonomy":"category","embeddable":true,"href":"https:\/\/demo.cicloturismo.it\/index.php?rest_route=%2Fwp%2Fv2%2Fcategories&post=188280"},{"taxonomy":"post_tag","embeddable":true,"href":"https:\/\/demo.cicloturismo.it\/index.php?rest_route=%2Fwp%2Fv2%2Ftags&post=188280"}],"curies":[{"name":"wp","href":"https:\/\/api.w.org\/{rel}","templated":true}]}}