{"id":188320,"date":"2021-09-21T14:51:02","date_gmt":"2021-09-21T12:51:02","guid":{"rendered":"https:\/\/www.cicloturismo.it\/?p=188320"},"modified":"2021-09-21T14:51:02","modified_gmt":"2021-09-21T12:51:02","slug":"approvato-il-progetta-nella-nuova-ciclabile-urbana-di-livorno","status":"publish","type":"post","link":"https:\/\/demo.cicloturismo.it\/?p=188320","title":{"rendered":"Approvato il progetta della nuova ciclabile urbana di Livorno ."},"content":{"rendered":"<p><img decoding=\"async\" src=\"data:image\/svg+xml,%3Csvg%20xmlns%3D%27http%3A%2F%2Fwww.w3.org%2F2000%2Fsvg%27%20width%3D%27300%27%20height%3D%27169%27%20viewBox%3D%270%200%20300%20169%27%3E%3Crect%20width%3D%27300%27%20height%3D%27169%27%20fill-opacity%3D%220%22%2F%3E%3C%2Fsvg%3E\" data-orig-src=\"https:\/\/demo.cicloturismo.it\/wp-content\/uploads\/2021\/09\/bike-1836934_1280-300x169.jpg\" alt=\"\" width=\"300\" height=\"169\" class=\"lazyload alignnone size-medium wp-image-188321\" \/><\/p>\n<p>La scorsa settimana la giunta comunale della citt\u00e0 toscana di Livorno ha approvato il progetto esecutivo da 87mila euro, che prevede la costruzione di un nuovo tratto ciclabile,unendo   i vari percorsi ciclabili gi\u00e0 realizzati  cos\u00ec da poter costituire una nuova via  di collegamento ciclabile dal  centro citt\u00e0 alla  periferia.Il progetto prevede la  realizzare di un percorso  bidirezionale, largo 2,5 metri, su corsia riservata su marciapie. Cosi facendo si permetter\u00e0 il collegamento tra Ferrucci e via Zola,  concludendo  cos\u00ec l&#8217;asse dell&#8217;Aurelia  fino al viale Carducci . <\/p>\n","protected":false},"excerpt":{"rendered":"<p>La scorsa settimana la giunta comunale della citt\u00e0 toscana di  [&#8230;]<\/p>\n","protected":false},"author":1,"featured_media":188321,"comment_status":"open","ping_status":"open","sticky":false,"template":"","format":"standard","meta":{"footnotes":""},"categories":[8],"tags":[],"class_list":["post-188320","post","type-post","status-publish","format-standard","has-post-thumbnail","hentry","category-news"],"_links":{"self":[{"href":"https:\/\/demo.cicloturismo.it\/index.php?rest_route=\/wp\/v2\/posts\/188320","targetHints":{"allow":["GET"]}}],"collection":[{"href":"https:\/\/demo.cicloturismo.it\/index.php?rest_route=\/wp\/v2\/posts"}],"about":[{"href":"https:\/\/demo.cicloturismo.it\/index.php?rest_route=\/wp\/v2\/types\/post"}],"author":[{"embeddable":true,"href":"https:\/\/demo.cicloturismo.it\/index.php?rest_route=\/wp\/v2\/users\/1"}],"replies":[{"embeddable":true,"href":"https:\/\/demo.cicloturismo.it\/index.php?rest_route=%2Fwp%2Fv2%2Fcomments&post=188320"}],"version-history":[{"count":0,"href":"https:\/\/demo.cicloturismo.it\/index.php?rest_route=\/wp\/v2\/posts\/188320\/revisions"}],"wp:featuredmedia":[{"embeddable":true,"href":"https:\/\/demo.cicloturismo.it\/index.php?rest_route=\/"}],"wp:attachment":[{"href":"https:\/\/demo.cicloturismo.it\/index.php?rest_route=%2Fwp%2Fv2%2Fmedia&parent=188320"}],"wp:term":[{"taxonomy":"category","embeddable":true,"href":"https:\/\/demo.cicloturismo.it\/index.php?rest_route=%2Fwp%2Fv2%2Fcategories&post=188320"},{"taxonomy":"post_tag","embeddable":true,"href":"https:\/\/demo.cicloturismo.it\/index.php?rest_route=%2Fwp%2Fv2%2Ftags&post=188320"}],"curies":[{"name":"wp","href":"https:\/\/api.w.org\/{rel}","templated":true}]}}